{"id":7756,"date":"2025-03-27T16:28:14","date_gmt":"2025-03-27T19:28:14","guid":{"rendered":"https:\/\/industrialchile.cl\/cl\/?p=7756"},"modified":"2025-03-27T16:28:14","modified_gmt":"2025-03-27T19:28:14","slug":"asamblea-nacional-de-industrial-chile-constramet-define-plegarse-al-paro-nacional-activo-convocado-por-la-cut","status":"publish","type":"post","link":"https:\/\/industrialchile.cl\/cl\/asamblea-nacional-de-industrial-chile-constramet-define-plegarse-al-paro-nacional-activo-convocado-por-la-cut\/","title":{"rendered":"Asamblea Nacional de Industrial Chile Constramet define plegarse al Paro Nacional Activo convocado por la CUT"},"content":{"rendered":"<p>La Asamblea Nacional de Industrial Chile Constramet defini\u00f3 sumarse al Paro Nacional Activo convocado por la Central de Trabajadoras y Trabajadores para este 3 de abril.<\/p>\n<p>El presidente de Industrial Chile Constramet, Horacio Fuentes, expres\u00f3 que \u00abexisten compromisos incumplidos por parte del gobierno que las y los trabajadores debemos presionar para que se cumplan, como es el avanzar hacia un salario vital, nuevo modelo de desarrollo e ingresar el proyecto de ley de negociaci\u00f3n ramal\u00bb, destacando que \u00abeste no es un paro contra el gobierno sino que es la herramienta que las y los trabajadores tenemos para meter presi\u00f3n e impulsar las reformas que buscan mejorar nuestras condiciones de vida\u00bb.<\/p>\n<p>Al mismo tiempo Fuentes se\u00f1al\u00f3 ante la Asamblea Nacional que \u00abtenemos hoy un riesgo importante que la derecha y la extrema derecha alcancen el poder y somos los trabajadores lo que debemos ponernos al frente para detener una asonada de retrocesos en nuestros derechos laborales. Debemos defender lo que hemos ganado ante quienes solo buscan quitarnos todo\u00bb.<\/p>\n<p>Finalmente la Asamblea defini\u00f3 convocar a todas y todos los asociados a Industrial Constramet para este 3 de abril en la sede de la Confederaci\u00f3n (Santa Rosa 101) a las 10 de la ma\u00f1ana y desde ah\u00ed dirigirnos al punto de inicio de la marcha en Plaza Los H\u00e9roes.<\/p>\n<blockquote class=\"instagram-media\" style=\"background: #FFF; border: 0; border-radius: 3px; box-shadow: 0 0 1px 0 rgba(0,0,0,0.5),0 1px 10px 0 rgba(0,0,0,0.15); margin: 1px; max-width: 540px; min-width: 326px; padding: 0; width: calc(100% - 2px);\" data-instgrm-captioned=\"\" data-instgrm-permalink=\"https:\/\/www.instagram.com\/reel\/DHrTokIxOsd\/?utm_source=ig_embed&amp;utm_campaign=loading\" data-instgrm-version=\"14\">\n<div style=\"padding: 16px;\">\n<p>&nbsp;<\/p>\n<div style=\"display: flex; flex-direction: row; align-items: center;\">\n<div style=\"background-color: #f4f4f4; border-radius: 50%; flex-grow: 0; height: 40px; margin-right: 14px; width: 40px;\"><\/div>\n<div style=\"display: flex; flex-direction: column; flex-grow: 1; justify-content: center;\">\n<div style=\"background-color: #f4f4f4; border-radius: 4px; flex-grow: 0; height: 14px; margin-bottom: 6px; width: 100px;\"><\/div>\n<div style=\"background-color: #f4f4f4; border-radius: 4px; flex-grow: 0; height: 14px; width: 60px;\"><\/div>\n<\/div>\n<\/div>\n<div style=\"padding: 19% 0;\"><\/div>\n<div style=\"display: block; height: 50px; margin: 0 auto 12px; width: 50px;\"><\/div>\n<div style=\"padding-top: 8px;\">\n<div style=\"color: #3897f0; font-family: Arial,sans-serif; font-size: 14px; font-style: normal; font-weight: 550; line-height: 18px;\">Ver esta publicaci\u00f3n en Instagram<\/div>\n<\/div>\n<div style=\"padding: 12.5% 0;\"><\/div>\n<div style=\"display: flex; flex-direction: row; margin-bottom: 14px; align-items: center;\">\n<div>\n<div style=\"background-color: #f4f4f4; border-radius: 50%; height: 12.5px; width: 12.5px; transform: translateX(0px) translateY(7px);\"><\/div>\n<div style=\"background-color: #f4f4f4; height: 12.5px; transform: rotate(-45deg) translateX(3px) translateY(1px); width: 12.5px; flex-grow: 0; margin-right: 14px; margin-left: 2px;\"><\/div>\n<div style=\"background-color: #f4f4f4; border-radius: 50%; height: 12.5px; width: 12.5px; transform: translateX(9px) translateY(-18px);\"><\/div>\n<\/div>\n<div style=\"margin-left: 8px;\">\n<div style=\"background-color: #f4f4f4; border-radius: 50%; flex-grow: 0; height: 20px; width: 20px;\"><\/div>\n<div style=\"width: 0; height: 0; border-top: 2px solid transparent; border-left: 6px solid #f4f4f4; border-bottom: 2px solid transparent; transform: translateX(16px) translateY(-4px) rotate(30deg);\"><\/div>\n<\/div>\n<div style=\"margin-left: auto;\">\n<div style=\"width: 0px; border-top: 8px solid #F4F4F4; border-right: 8px solid transparent; transform: translateY(16px);\"><\/div>\n<div style=\"background-color: #f4f4f4; flex-grow: 0; height: 12px; width: 16px; transform: translateY(-4px);\"><\/div>\n<div style=\"width: 0; height: 0; border-top: 8px solid #F4F4F4; border-left: 8px solid transparent; transform: translateY(-4px) translateX(8px);\"><\/div>\n<\/div>\n<\/div>\n<div style=\"display: flex; flex-direction: column; flex-grow: 1; justify-content: center; margin-bottom: 24px;\">\n<div style=\"background-color: #f4f4f4; border-radius: 4px; flex-grow: 0; height: 14px; margin-bottom: 6px; width: 224px;\"><\/div>\n<div style=\"background-color: #f4f4f4; border-radius: 4px; flex-grow: 0; height: 14px; width: 144px;\"><\/div>\n<\/div>\n<p>&nbsp;<\/p>\n<p style=\"color: #c9c8cd; font-family: Arial,sans-serif; font-size: 14px; line-height: 17px; margin-bottom: 0; margin-top: 8px; overflow: hidden; padding: 8px 0 7px; text-align: center; text-overflow: ellipsis; white-space: nowrap;\"><a style=\"color: #c9c8cd; font-family: Arial,sans-serif; font-size: 14px; font-style: normal; font-weight: normal; line-height: 17px; text-decoration: none;\" href=\"https:\/\/www.instagram.com\/reel\/DHrTokIxOsd\/?utm_source=ig_embed&amp;utm_campaign=loading\" target=\"_blank\" rel=\"noopener\">Una publicaci\u00f3n compartida por Industrial Chile Constramet (@constrametcl)<\/a><\/p>\n<\/div>\n<\/blockquote>\n<p><script async src=\"\/\/www.instagram.com\/embed.js\"><\/script><\/p>\n","protected":false},"excerpt":{"rendered":"<p>La Asamblea Nacional de Industrial Chile Constramet defini\u00f3 sumarse al Paro Nacional Activo convocado por la Central de Trabajadoras y Trabajadores para este 3 de abril. El presidente de Industrial Chile Constramet, Horacio Fuentes, expres\u00f3 que \u00abexisten compromisos incumplidos por parte del gobierno que las y los trabajadores debemos presionar para que se cumplan, como &hellip;<\/p>\n","protected":false},"author":6,"featured_media":7758,"comment_status":"open","ping_status":"open","sticky":false,"template":"","format":"standard","meta":{"footnotes":""},"categories":[1,184],"tags":[239,481,197,295,543],"class_list":["post-7756","post","type-post","status-publish","format-standard","has-post-thumbnail","","category-noticias","category-portada","tag-cut-chile","tag-negociacion-ramal","tag-nuevo-modelo-de-desarrollo","tag-paro-activo","tag-salario-vital"],"_links":{"self":[{"href":"https:\/\/industrialchile.cl\/cl\/wp-json\/wp\/v2\/posts\/7756","targetHints":{"allow":["GET"]}}],"collection":[{"href":"https:\/\/industrialchile.cl\/cl\/wp-json\/wp\/v2\/posts"}],"about":[{"href":"https:\/\/industrialchile.cl\/cl\/wp-json\/wp\/v2\/types\/post"}],"author":[{"embeddable":true,"href":"https:\/\/industrialchile.cl\/cl\/wp-json\/wp\/v2\/users\/6"}],"replies":[{"embeddable":true,"href":"https:\/\/industrialchile.cl\/cl\/wp-json\/wp\/v2\/comments?post=7756"}],"version-history":[{"count":1,"href":"https:\/\/industrialchile.cl\/cl\/wp-json\/wp\/v2\/posts\/7756\/revisions"}],"predecessor-version":[{"id":7759,"href":"https:\/\/industrialchile.cl\/cl\/wp-json\/wp\/v2\/posts\/7756\/revisions\/7759"}],"wp:featuredmedia":[{"embeddable":true,"href":"https:\/\/industrialchile.cl\/cl\/wp-json\/wp\/v2\/media\/7758"}],"wp:attachment":[{"href":"https:\/\/industrialchile.cl\/cl\/wp-json\/wp\/v2\/media?parent=7756"}],"wp:term":[{"taxonomy":"category","embeddable":true,"href":"https:\/\/industrialchile.cl\/cl\/wp-json\/wp\/v2\/categories?post=7756"},{"taxonomy":"post_tag","embeddable":true,"href":"https:\/\/industrialchile.cl\/cl\/wp-json\/wp\/v2\/tags?post=7756"}],"curies":[{"name":"wp","href":"https:\/\/api.w.org\/{rel}","templated":true}]}}