{"id":7738,"date":"2024-10-18T13:25:43","date_gmt":"2024-10-18T16:25:43","guid":{"rendered":"https:\/\/industrialchile.cl\/cl\/?p=7738"},"modified":"2024-10-18T16:37:26","modified_gmt":"2024-10-18T19:37:26","slug":"por-que-regalarle-el-18-de-octubre-a-la-derecha-y-conservadores","status":"publish","type":"post","link":"https:\/\/industrialchile.cl\/cl\/por-que-regalarle-el-18-de-octubre-a-la-derecha-y-conservadores\/","title":{"rendered":"\u00bfPor qu\u00e9 regalarle el 18 de Octubre a la derecha y conservadores?"},"content":{"rendered":"<p><em>por Horacio Fuentes Gonz\u00e1lez, presidente de Industrial Chile Constramet<\/em><\/p>\n<p>columna publicada en <a href=\"https:\/\/radio.uchile.cl\/2024\/10\/18\/por-que-regalarle-el-18-de-octubre-a-la-derecha-y-conservadores\/\">Radio Universidad de Chile<\/a><\/p>\n<p><em>\u00a0<\/em><\/p>\n<p>Desde principios de de este mes hemos visto, en medio del esc\u00e1ndalo de corrupci\u00f3n que envuelve a la derecha y sus m\u00e1ximos representantes, una fuerte arremetida comunicacional ante el quinto aniversario del 18 de octubre, cuando se despleg\u00f3 la revuelta popular de 2019, que hab\u00eda tenido sus primeras expresiones en evasiones masivas de los estudiantes secundarios ante el alza del transporte p\u00fablico.<\/p>\n<p>&nbsp;<\/p>\n<p>La arremetida de la derecha y los conservadores no es balad\u00ed, es un orquestado intento por capturar de manera definitiva el relato de la revuelta popular, estigmatizando la organizaci\u00f3n popular y las demandas sociales en los carteles de \u201ccaos y violencia\u201d.<\/p>\n<p>&nbsp;<\/p>\n<p>\u201cNo son 30 pesos, son 30 a\u00f1os\u201d era una de las principales consignas de la movilizaci\u00f3n social y que representaba el agobio, la decepci\u00f3n y la rabia contra un sistema pol\u00edtico que no ten\u00eda la intenci\u00f3n ni la capacidad para generar las respuestas a las promesas de justicia social y una mejor vida que desde el inicio de la transici\u00f3n se hab\u00edan enarbolado en sus diferentes gobiernos.<\/p>\n<p>&nbsp;<\/p>\n<p>Hoy, a cinco a\u00f1os de la revuelta, ninguna de las demandas est\u00e1 completamente respondida: pensiones, salud y educaci\u00f3n dignas, salarios que alcancen para vivir, por mencionar las m\u00e1s destacadas, no est\u00e1n ni cerca de concretarse por estar en el pantano legislativo que la derecha -los mismos que apuntan de violenta la manifestaci\u00f3n social- ha preparado en el desarrollo de este gobierno. Tampoco vemos mayor audacia de las autoridades para movilizar intenciones en torno a las propuestas a nivel ciudadano, cayendo en carrusel institucional con el que no termina pasando nada.<\/p>\n<p>&nbsp;<\/p>\n<p>\u201cEn las \u00faltimas 4 semanas Chile cambi\u00f3, los chilenos cambiamos, el Gobierno cambi\u00f3. Todos hemos cambiado. Porque el Pacto Social bajo el cual hab\u00edamos vivido se resquebraj\u00f3 y mostr\u00f3 sus heridas y sus grietas. Necesitamos todos juntos renovar ese Pacto Social de forma tal de poder sanar esas heridas y reparar esas grietas.\u201d, recalc\u00f3 Sebastian Pi\u00f1era tras concretarse el acuerdo constitucional del 15 de noviembre, pero que envejeci\u00f3 mal viendo el comportamiento de la derecha en los procesos constitucionales y, m\u00e1s profundo, tras el triunfo del Rechazo donde se han ocupado en frenar cualquier cambio que le quite beneficios a sus \u201cempleadores\u201d.<\/p>\n<p>&nbsp;<\/p>\n<p>Pero en vez de apuntar a quienes quieren que todo siga igual, se ha instalado la l\u00f3gica de asumir el relato de la derecha como transversal, de la condena a la movilizaci\u00f3n\u00a0 asumiendo que la violencia se present\u00f3 en cada una de las expresiones de la gente en las calles a lo largo del pa\u00eds \u00bfacaso eso incluye la marcha del mill\u00f3n de personas o el paro nacional del 13 y 14 de noviembre?.<\/p>\n<p>&nbsp;<\/p>\n<p>En ambos momentos prevalecieron las articulaciones de base y de organizaciones sociales. En ello la Central Unitaria de Trabajadores tuvo un importante rol articulador en el espacio de Unidad Social, a trav\u00e9s del cual se busc\u00f3 canalizar acciones\u00a0 y organizaci\u00f3n de las diferentes actor\u00edas sociales. Desde all\u00ed surge la coordinaci\u00f3n del paro nacional del 13 y 14 de noviembre, hito fundamental para hacer frente a la represi\u00f3n desplegada por el gobierno de Sebasti\u00e1n Pi\u00f1era y darle un impulso al acuerdo del 15 de noviembre para una nueva constituci\u00f3n.<\/p>\n<p>&nbsp;<\/p>\n<p>Reducir la movilizaci\u00f3n social al relato de la derecha es, primero, un error pol\u00edtico grave y, segundo, una falta de respeto con quienes pusieron el cuerpo a la represi\u00f3n desplegada por el fallecido Sebasti\u00e1n Pi\u00f1era y el corrupto de Andr\u00e9s Chadwick. No podemos, en el af\u00e1n de estar \u201cen l\u00ednea\u201d con lo que dicen las encuestas, desconocer que las movilizaciones responden a un hecho m\u00e1s profundo que expresiones de violencia.<\/p>\n<p>&nbsp;<\/p>\n<p>A\u00fan cuando se est\u00e1 generando un ambiente en favor de la impunidad. Son 34 personas fallecidas, m\u00e1s de 500 v\u00edctimas con heridas oculares a causa de perdigones disparados por las fuerzas de orden y m\u00e1s de tres mil denuncias de violencia polic\u00eda. Ac\u00e1 lo que se exige es justicia para las v\u00edctimas y no el borr\u00f3n y cuenta nueva que busca imponer la derecha.<\/p>\n<p>&nbsp;<\/p>\n<p>La revuelta popular de octubre de 2019 es la expresi\u00f3n m\u00e1xima de descontento con un modelo que discrimina y que no garantiza condiciones de vida justa para la gente, no es la caricatura que nos quieren imponer. Esto exige defender el fondo de las movilizaciones y la necesidad de defender las reformas que se exigen para una vida justa para todas y todos.<\/p>\n<p>&nbsp;<\/p>\n<p>Retroceder a la pol\u00edtica de los acuerdos por los acuerdos no es responder a las necesidades de la gente sino que a la estabilidad de las cuestionadas instituciones y los partidos pol\u00edticos tradicionales. Es, por tanto, caldo de cultivo de la decepci\u00f3n y la rabia contra el modelo y sus instituciones.<\/p>\n","protected":false},"excerpt":{"rendered":"<p>por Horacio Fuentes Gonz\u00e1lez, presidente de Industrial Chile Constramet columna publicada en Radio Universidad de Chile \u00a0 Desde principios de de este mes hemos visto, en medio del esc\u00e1ndalo de corrupci\u00f3n que envuelve a la derecha y sus m\u00e1ximos representantes, una fuerte arremetida comunicacional ante el quinto aniversario del 18 de octubre, cuando se despleg\u00f3 &hellip;<\/p>\n","protected":false},"author":6,"featured_media":7739,"comment_status":"open","ping_status":"open","sticky":false,"template":"","format":"standard","meta":{"footnotes":""},"categories":[1,184],"tags":[536,534,535],"class_list":["post-7738","post","type-post","status-publish","format-standard","has-post-thumbnail","","category-noticias","category-portada","tag-18-de-octubre","tag-estallido","tag-revuelta"],"_links":{"self":[{"href":"https:\/\/industrialchile.cl\/cl\/wp-json\/wp\/v2\/posts\/7738","targetHints":{"allow":["GET"]}}],"collection":[{"href":"https:\/\/industrialchile.cl\/cl\/wp-json\/wp\/v2\/posts"}],"about":[{"href":"https:\/\/industrialchile.cl\/cl\/wp-json\/wp\/v2\/types\/post"}],"author":[{"embeddable":true,"href":"https:\/\/industrialchile.cl\/cl\/wp-json\/wp\/v2\/users\/6"}],"replies":[{"embeddable":true,"href":"https:\/\/industrialchile.cl\/cl\/wp-json\/wp\/v2\/comments?post=7738"}],"version-history":[{"count":4,"href":"https:\/\/industrialchile.cl\/cl\/wp-json\/wp\/v2\/posts\/7738\/revisions"}],"predecessor-version":[{"id":7743,"href":"https:\/\/industrialchile.cl\/cl\/wp-json\/wp\/v2\/posts\/7738\/revisions\/7743"}],"wp:featuredmedia":[{"embeddable":true,"href":"https:\/\/industrialchile.cl\/cl\/wp-json\/wp\/v2\/media\/7739"}],"wp:attachment":[{"href":"https:\/\/industrialchile.cl\/cl\/wp-json\/wp\/v2\/media?parent=7738"}],"wp:term":[{"taxonomy":"category","embeddable":true,"href":"https:\/\/industrialchile.cl\/cl\/wp-json\/wp\/v2\/categories?post=7738"},{"taxonomy":"post_tag","embeddable":true,"href":"https:\/\/industrialchile.cl\/cl\/wp-json\/wp\/v2\/tags?post=7738"}],"curies":[{"name":"wp","href":"https:\/\/api.w.org\/{rel}","templated":true}]}}