{"id":7648,"date":"2024-01-10T14:38:54","date_gmt":"2024-01-10T17:38:54","guid":{"rendered":"https:\/\/industrialchile.cl\/cl\/?p=7648"},"modified":"2024-01-15T14:39:20","modified_gmt":"2024-01-15T17:39:20","slug":"declaracion-publica-industrial-chile-constramet-informa-de-avance-de-proceso-por-despido-injustificado-de-dirigenta-nacional-sabina-pichipil-judicial","status":"publish","type":"post","link":"https:\/\/industrialchile.cl\/cl\/declaracion-publica-industrial-chile-constramet-informa-de-avance-de-proceso-por-despido-injustificado-de-dirigenta-nacional-sabina-pichipil-judicial\/","title":{"rendered":"DECLARACI\u00d3N P\u00daBLICA | Industrial Chile Constramet informa de avance de proceso por despido injustificado de dirigenta nacional Sabina Pichipil judicial"},"content":{"rendered":"<p><span style=\"font-weight: 400;\">Desde Industrial Chile Constramet comunicamos el avance del proceso judicial que enfrenta nuestra dirigenta nacional Sabina Pichipil, quien fue despedida de forma injusta y que busca a trav\u00e9s de la justicia poder ser reintegrada a sus labores en su empresa.\u00a0<\/span><\/p>\n<p><span style=\"font-weight: 400;\">Hoy, 8 de enero de 2024, se realiz\u00f3 la audiencia de juicio fijada por el Tribunal Laboral de Puente Alto donde la jueza hizo un llamado a la empresa a retirar la demanda y as\u00ed dejar el debate del despido antisindical radicado en el Tribunal de Colina, a lo cual la empresa no se allan\u00f3 y tom\u00f3 la acci\u00f3n de recusar a la jueza en cuesti\u00f3n.\u00a0<\/span><\/p>\n<p><span style=\"font-weight: 400;\">De esta manera el caso pasar\u00e1 a la Corte de Apelaciones de San Miguel, la que revisar\u00e1 la situaci\u00f3n del caso, avalando la posici\u00f3n del jueza del tribunal laboral de Puente Alto o designando un nuevo juez para llevar a cabo el juicio.\u00a0<\/span><\/p>\n<p><span style=\"font-weight: 400;\">Estamos en presencia de las acciones de una empresa que abusa de las y los trabajadores, que busca todos los caminos para no reintegrar a nuestra compa\u00f1era a su trabajo y dejar un mensaje p\u00fablico de persecuci\u00f3n sindical.\u00a0<\/span><\/p>\n<p><span style=\"font-weight: 400;\">C\u00f3mo Industrial Chile Constramet estamos utilizando todas las herramientas a nuestra disposici\u00f3n para defender los derechos de nuestra compa\u00f1era y dirigenta nacional Sabina Pichipil hacemos un llamado a las organizaciones sindicales y de trabajadores a fortalecer la organizaci\u00f3n y unidad, pues es urgente e importante detener a tiempo este tipo de acciones de empleadores que abusan contra trabajadores y dirigentes sindicales.\u00a0<\/span><\/p>\n<p>&nbsp;<\/p>\n<p><b>CONSEJO DIRECTIVO NACIONAL\u00a0<\/b><\/p>\n<p><b>INDUSTRIAL CHILE CONSTRAMET<\/b><\/p>\n","protected":false},"excerpt":{"rendered":"<p>Desde Industrial Chile Constramet comunicamos el avance del proceso judicial que enfrenta nuestra dirigenta nacional Sabina Pichipil, quien fue despedida de forma injusta y que busca a trav\u00e9s de la justicia poder ser reintegrada a sus labores en su empresa.\u00a0 Hoy, 8 de enero de 2024, se realiz\u00f3 la audiencia de juicio fijada por el &hellip;<\/p>\n","protected":false},"author":6,"featured_media":7649,"comment_status":"open","ping_status":"open","sticky":false,"template":"","format":"standard","meta":{"footnotes":""},"categories":[1,184,161],"tags":[315,246,520],"class_list":["post-7648","post","type-post","status-publish","format-standard","has-post-thumbnail","","category-noticias","category-portada","category-zonalcentro","tag-derechos-laborales","tag-despidos","tag-sabina-pichipil"],"_links":{"self":[{"href":"https:\/\/industrialchile.cl\/cl\/wp-json\/wp\/v2\/posts\/7648","targetHints":{"allow":["GET"]}}],"collection":[{"href":"https:\/\/industrialchile.cl\/cl\/wp-json\/wp\/v2\/posts"}],"about":[{"href":"https:\/\/industrialchile.cl\/cl\/wp-json\/wp\/v2\/types\/post"}],"author":[{"embeddable":true,"href":"https:\/\/industrialchile.cl\/cl\/wp-json\/wp\/v2\/users\/6"}],"replies":[{"embeddable":true,"href":"https:\/\/industrialchile.cl\/cl\/wp-json\/wp\/v2\/comments?post=7648"}],"version-history":[{"count":1,"href":"https:\/\/industrialchile.cl\/cl\/wp-json\/wp\/v2\/posts\/7648\/revisions"}],"predecessor-version":[{"id":7650,"href":"https:\/\/industrialchile.cl\/cl\/wp-json\/wp\/v2\/posts\/7648\/revisions\/7650"}],"wp:featuredmedia":[{"embeddable":true,"href":"https:\/\/industrialchile.cl\/cl\/wp-json\/wp\/v2\/media\/7649"}],"wp:attachment":[{"href":"https:\/\/industrialchile.cl\/cl\/wp-json\/wp\/v2\/media?parent=7648"}],"wp:term":[{"taxonomy":"category","embeddable":true,"href":"https:\/\/industrialchile.cl\/cl\/wp-json\/wp\/v2\/categories?post=7648"},{"taxonomy":"post_tag","embeddable":true,"href":"https:\/\/industrialchile.cl\/cl\/wp-json\/wp\/v2\/tags?post=7648"}],"curies":[{"name":"wp","href":"https:\/\/api.w.org\/{rel}","templated":true}]}}