{"id":7610,"date":"2023-10-20T13:18:06","date_gmt":"2023-10-20T16:18:06","guid":{"rendered":"https:\/\/industrialchile.cl\/cl\/?p=7610"},"modified":"2023-10-20T13:18:06","modified_gmt":"2023-10-20T16:18:06","slug":"comunicado-industrial-chile-constramet-rechaza-despido-antisindical-de-nuestra-dirigenta-nacional-sabina-pichipil-millan","status":"publish","type":"post","link":"https:\/\/industrialchile.cl\/cl\/comunicado-industrial-chile-constramet-rechaza-despido-antisindical-de-nuestra-dirigenta-nacional-sabina-pichipil-millan\/","title":{"rendered":"COMUNICADO | Industrial Chile Constramet rechaza despido antisindical de nuestra Dirigenta Nacional Sabina Pichipil Mill\u00e1n"},"content":{"rendered":"<p>A las y los Trabajadores, a nuestras organizaciones hermanas de Chile y el mundo, Industrial Chile \u201cConstramet\u201d, frente al despido antisindical de nuestra Dirigenta Nacional <strong>Sabina Pichipil Mill\u00e1n<\/strong>, declara lo siguiente:<\/p>\n<p>&nbsp;<\/p>\n<p>1.- \u00a0\u00a0\u00a0\u00a0\u00a0 En primer lugar, manifestamos nuestra condena absoluta al actuar antisindical de la empresa <strong>Laboratorio Internacional de Cosm\u00e9ticos S.A.<\/strong>, quien, en abierta violaci\u00f3n a la legislaci\u00f3n laboral, a todo el ordenamiento jur\u00eddico interno y tratados internacionales ratificados por Chile, ha notificado a nuestra compa\u00f1era Sabina Pichipil Mill\u00e1n, de una carta de despido por necesidades de la empresa.<\/p>\n<p>&nbsp;<\/p>\n<p>2.- \u00a0\u00a0\u00a0\u00a0\u00a0 En segundo orden, entendiendo que la justicia no puede aceptar este vil atropello a la Libertad Sindical, hacemos el llamado a la autoridad laboral, radicada en la Direcci\u00f3n del Trabajo, a que efect\u00fae todas las diligencias que consagra la Ley, para restablecer el imperio del Derecho, ordenando la inmediata reincorporaci\u00f3n de nuestra consejera nacional, junto al pago de sus remuneraciones.<\/p>\n<p>&nbsp;<\/p>\n<p>3.-\u00a0\u00a0\u00a0\u00a0\u00a0\u00a0 Desde ya, hacemos un llamado al movimiento sindical, a estar en alerta ante este ataque antisindical, pues no una casualidad este despido ilegal y arbitrario, m\u00e1s es una provocaci\u00f3n al conjunto del sindicalismo, que pretende acallar la voz de los que luchan incansablemente por mejorar las condiciones laborales y salariales de las y los Trabajadores.<\/p>\n<p>&nbsp;<\/p>\n<p>4.-\u00a0\u00a0\u00a0\u00a0\u00a0\u00a0 Por \u00faltimo, se\u00f1alar a nuestra compa\u00f1era, el total respaldo en esta nueva batalla, que no es solo de Sabina Pichipil, sino que del conjunto de Industrial Chile Constramet, para lo cual no descansaremos hasta que se haga justicia y se logre la reincorporaci\u00f3n al puesto de trabajo.<\/p>\n","protected":false},"excerpt":{"rendered":"<p>A las y los Trabajadores, a nuestras organizaciones hermanas de Chile y el mundo, Industrial Chile \u201cConstramet\u201d, frente al despido antisindical de nuestra Dirigenta Nacional Sabina Pichipil Mill\u00e1n, declara lo siguiente: &nbsp; 1.- \u00a0\u00a0\u00a0\u00a0\u00a0 En primer lugar, manifestamos nuestra condena absoluta al actuar antisindical de la empresa Laboratorio Internacional de Cosm\u00e9ticos S.A., quien, en abierta &hellip;<\/p>\n","protected":false},"author":6,"featured_media":7611,"comment_status":"open","ping_status":"open","sticky":false,"template":"","format":"standard","meta":{"footnotes":""},"categories":[186,1,184,161],"tags":[395,510,511],"class_list":["post-7610","post","type-post","status-publish","format-standard","has-post-thumbnail","","category-deptomujer","category-noticias","category-portada","category-zonalcentro","tag-industrial-global","tag-persecucion","tag-sabina"],"_links":{"self":[{"href":"https:\/\/industrialchile.cl\/cl\/wp-json\/wp\/v2\/posts\/7610","targetHints":{"allow":["GET"]}}],"collection":[{"href":"https:\/\/industrialchile.cl\/cl\/wp-json\/wp\/v2\/posts"}],"about":[{"href":"https:\/\/industrialchile.cl\/cl\/wp-json\/wp\/v2\/types\/post"}],"author":[{"embeddable":true,"href":"https:\/\/industrialchile.cl\/cl\/wp-json\/wp\/v2\/users\/6"}],"replies":[{"embeddable":true,"href":"https:\/\/industrialchile.cl\/cl\/wp-json\/wp\/v2\/comments?post=7610"}],"version-history":[{"count":1,"href":"https:\/\/industrialchile.cl\/cl\/wp-json\/wp\/v2\/posts\/7610\/revisions"}],"predecessor-version":[{"id":7612,"href":"https:\/\/industrialchile.cl\/cl\/wp-json\/wp\/v2\/posts\/7610\/revisions\/7612"}],"wp:featuredmedia":[{"embeddable":true,"href":"https:\/\/industrialchile.cl\/cl\/wp-json\/wp\/v2\/media\/7611"}],"wp:attachment":[{"href":"https:\/\/industrialchile.cl\/cl\/wp-json\/wp\/v2\/media?parent=7610"}],"wp:term":[{"taxonomy":"category","embeddable":true,"href":"https:\/\/industrialchile.cl\/cl\/wp-json\/wp\/v2\/categories?post=7610"},{"taxonomy":"post_tag","embeddable":true,"href":"https:\/\/industrialchile.cl\/cl\/wp-json\/wp\/v2\/tags?post=7610"}],"curies":[{"name":"wp","href":"https:\/\/api.w.org\/{rel}","templated":true}]}}