{"id":7571,"date":"2023-08-22T16:04:35","date_gmt":"2023-08-22T20:04:35","guid":{"rendered":"https:\/\/industrialchile.cl\/cl\/?p=7571"},"modified":"2023-08-22T19:02:49","modified_gmt":"2023-08-22T23:02:49","slug":"al-pan-pan-y-al-vino-vino","status":"publish","type":"post","link":"https:\/\/industrialchile.cl\/cl\/al-pan-pan-y-al-vino-vino\/","title":{"rendered":"Al pan, pan, y al vino, vino"},"content":{"rendered":"<p>En las \u00faltimas semanas hemos visto c\u00f3mo el Gobierno, golpeado por el llamado caso Convenios, ha quedado de manos atadas frente a los permanentes chantajes de las derechas para frenar el desarrollo de la discusi\u00f3n legislativa de la reforma de pensiones y del pacto fiscal que propone el Ejecutivo.<\/p>\n<p>Desde el mundo del trabajo hemos hecho observaciones al proyecto, el que vemos como insuficiente como pol\u00edtica p\u00fablica, pero que es un buen piso para un proceso de construcci\u00f3n de un verdadero sistema de seguridad social. Por ello es que la posici\u00f3n de la oposici\u00f3n s\u00f3lo confirma que se encuentra en modo negaci\u00f3n, pensando en el ciclo electoral 2024\/2025 y no en los intereses de millones de chilenas y chilenos.<\/p>\n<p>Hasta ahora hemos escuchado que las y los parlamentarios de derecha han sostenido que el proyecto no garantiza mejores pensiones, que es estatizar el sistema de pensiones, que el Estado pretende quedarse con los ahorros de las y los trabajadores, que -en el marco de la actual crisis del Gobierno- que el Estado administre los fondos de pensiones es un riesgo de que la plata sea ocupada en cualquier cosa.<\/p>\n<p><a href=\"https:\/\/industrialchile.cl\/cl\/wp-content\/uploads\/2023\/08\/boric-por-pensiones.jpg.jpeg\"><img loading=\"lazy\" decoding=\"async\" class=\"alignnone size-full wp-image-7572\" src=\"https:\/\/industrialchile.cl\/cl\/wp-content\/uploads\/2023\/08\/boric-por-pensiones.jpg.jpeg\" alt=\"\" width=\"844\" height=\"475\" srcset=\"https:\/\/industrialchile.cl\/cl\/wp-content\/uploads\/2023\/08\/boric-por-pensiones.jpg.jpeg 844w, https:\/\/industrialchile.cl\/cl\/wp-content\/uploads\/2023\/08\/boric-por-pensiones.jpg-300x169.jpeg 300w, https:\/\/industrialchile.cl\/cl\/wp-content\/uploads\/2023\/08\/boric-por-pensiones.jpg-768x432.jpeg 768w\" sizes=\"auto, (max-width: 844px) 100vw, 844px\" \/><\/a><\/p>\n<p>Una serie de burdas y absurdas afirmaciones que reflejan que no quieren mejorar las condiciones de vida de millones de personas que han dejado su vida en el trabajo y con las cuales han sostenido su defensa a ultranza de un modelo que asegura ganancias desproporcionadas a los grupos econ\u00f3micos.<\/p>\n<p>Y, por cierto, el \u00faltimo palo en la rueda que han puesto las derechas es condicionar cualquier di\u00e1logo a la presencia del exministro Giorgio Jackson en el gabinete. \u00bfPero qu\u00e9 puerta ha abierto su salida? Ninguna, sencillamente solo ha dado paso a un nuevo episodio de excusas por parte del sector para no ponerse a disposici\u00f3n de avanzar en el debate legislativo.<\/p>\n<p>\u00bfMuerto el perro no se acaba la rabia de la derecha? Todo lo contrario, muta. Ejemplo de ello son las pachotadas que las dirigencias de los partidos de Chile Vamos emitieron a la salida de la reuni\u00f3n en La Moneda para retomar las negociaciones por la reforma de pensiones y pacto fiscal: \u00abReconocemos los esfuerzos, pero dichos como los de Jarpa no pueden repetirse\u00bb, advirti\u00f3 el presidente de Renovaci\u00f3n Nacional, Francisco Chahu\u00e1n.<\/p>\n<p>Por lo mismo, y considerando la necesidad pol\u00edtica e hist\u00f3rica que significa para Chile el avance de la reforma previsional -y la concreci\u00f3n del programa de gobierno-, es momento de poner las cosas en blanco y negro, ya no existe m\u00e1s margen para la b\u00fasqueda de consensos que no logran cumplir con las expectativas de la gente y que al final del d\u00eda le dejan siempre ganancia a los mismos de siempre.<\/p>\n<p>Mientras la derecha se soba las manos, el gobierno debe hacer esfuerzos reales por concitar la mayor unidad en torno a los cambios sociales y mejoras en la calidad de vida de las personas, desplegarse en las bases para congregar apoyo y unidad ciudadana. Este esfuerzo debe ser diario, permanente y no quedarnos en la acci\u00f3n comunicacional, el punto de prensa o la foto bien producida.<\/p>\n<p>No se le puede pedir peras al olmo, ni a que las derechas est\u00e9n disponibles porque s\u00ed a poner sus votos en el Congreso para los cambios que Chile y su gente necesitan. Se debe cambiar la estrategia para conseguir reformas que generen cambios verdaderos: develar los intereses de la oposici\u00f3n, empezar a obligarla a asumir sus responsabilidades y ponerse a trabajar junto con y para la gente.<\/p>\n<p>Columna publicada en <a href=\"https:\/\/opinion.cooperativa.cl\/opinion\/politica\/al-pan-pan-y-al-vino-vino\/2023-08-22\/093253.html\">Cooperativa.cl<\/a><\/p>\n","protected":false},"excerpt":{"rendered":"<p>En las \u00faltimas semanas hemos visto c\u00f3mo el Gobierno, golpeado por el llamado caso Convenios, ha quedado de manos atadas frente a los permanentes chantajes de las derechas para frenar el desarrollo de la discusi\u00f3n legislativa de la reforma de pensiones y del pacto fiscal que propone el Ejecutivo. Desde el mundo del trabajo hemos &hellip;<\/p>\n","protected":false},"author":6,"featured_media":7572,"comment_status":"open","ping_status":"open","sticky":false,"template":"","format":"standard","meta":{"footnotes":""},"categories":[1,184],"tags":[499,241,500,207],"class_list":["post-7571","post","type-post","status-publish","format-standard","has-post-thumbnail","","category-noticias","category-portada","tag-boric","tag-gobierno","tag-pacto-fiscal","tag-pensiones"],"_links":{"self":[{"href":"https:\/\/industrialchile.cl\/cl\/wp-json\/wp\/v2\/posts\/7571","targetHints":{"allow":["GET"]}}],"collection":[{"href":"https:\/\/industrialchile.cl\/cl\/wp-json\/wp\/v2\/posts"}],"about":[{"href":"https:\/\/industrialchile.cl\/cl\/wp-json\/wp\/v2\/types\/post"}],"author":[{"embeddable":true,"href":"https:\/\/industrialchile.cl\/cl\/wp-json\/wp\/v2\/users\/6"}],"replies":[{"embeddable":true,"href":"https:\/\/industrialchile.cl\/cl\/wp-json\/wp\/v2\/comments?post=7571"}],"version-history":[{"count":2,"href":"https:\/\/industrialchile.cl\/cl\/wp-json\/wp\/v2\/posts\/7571\/revisions"}],"predecessor-version":[{"id":7574,"href":"https:\/\/industrialchile.cl\/cl\/wp-json\/wp\/v2\/posts\/7571\/revisions\/7574"}],"wp:featuredmedia":[{"embeddable":true,"href":"https:\/\/industrialchile.cl\/cl\/wp-json\/wp\/v2\/media\/7572"}],"wp:attachment":[{"href":"https:\/\/industrialchile.cl\/cl\/wp-json\/wp\/v2\/media?parent=7571"}],"wp:term":[{"taxonomy":"category","embeddable":true,"href":"https:\/\/industrialchile.cl\/cl\/wp-json\/wp\/v2\/categories?post=7571"},{"taxonomy":"post_tag","embeddable":true,"href":"https:\/\/industrialchile.cl\/cl\/wp-json\/wp\/v2\/tags?post=7571"}],"curies":[{"name":"wp","href":"https:\/\/api.w.org\/{rel}","templated":true}]}}