{"id":7556,"date":"2023-07-16T22:37:32","date_gmt":"2023-07-17T02:37:32","guid":{"rendered":"https:\/\/industrialchile.cl\/cl\/?p=7556"},"modified":"2023-07-17T22:40:22","modified_gmt":"2023-07-18T02:40:22","slug":"informamos-el-sensible-fallecimiento-de-nuestro-companero-miguel-oses-nunez","status":"publish","type":"post","link":"https:\/\/industrialchile.cl\/cl\/informamos-el-sensible-fallecimiento-de-nuestro-companero-miguel-oses-nunez\/","title":{"rendered":"Informamos el sensible fallecimiento de nuestro compa\u00f1ero Miguel Oses N\u00fa\u00f1ez"},"content":{"rendered":"<div class=\"xdj266r x11i5rnm xat24cr x1mh8g0r x1vvkbs x126k92a\">\n<div dir=\"auto\">Informamos del sensible fallecimiento de nuestro compa\u00f1ero, esposo, padre, dirigente sindical y dirigente nacional de Industrial Chile Constramet Miguel \u00c1ngel Oses N\u00fa\u00f1ez.<\/div>\n<div dir=\"auto\"><\/div>\n<\/div>\n<div class=\"x11i5rnm xat24cr x1mh8g0r x1vvkbs xtlvy1s x126k92a\">\n<div dir=\"auto\">Nos sumamos al dolor por la p\u00e9rdida del compa\u00f1ero Miguel, quien durante su vida tuvo fue ejemplo de compromiso con la defensa de los derechos laborales y la vida de las y los trabajadores.<\/div>\n<\/div>\n<div class=\"x11i5rnm xat24cr x1mh8g0r x1vvkbs xtlvy1s x126k92a\">\n<div dir=\"auto\">Su legado es su trabajo diario por fortalecer la unidad y la organizaci\u00f3n de los trabajadores en la lucha por nuestros derechos.<\/div>\n<div dir=\"auto\"><\/div>\n<\/div>\n<div class=\"x11i5rnm xat24cr x1mh8g0r x1vvkbs xtlvy1s x126k92a\">\n<div dir=\"auto\">Te convocamos para este lunes 17 de julio, desde las 14 horas, a que nos reunamos a en nuestra sede nacional de Santa Rosa 101 para rendir homenaje a la figura, historia y legado de nuestro compa\u00f1ero Miguel Oses.<\/div>\n<div dir=\"auto\"><\/div>\n<\/div>\n<div class=\"x11i5rnm xat24cr x1mh8g0r x1vvkbs xtlvy1s x126k92a\">\n<div dir=\"auto\">Tras el homenaje acompa\u00f1aremos junto a la familia y amigos de Miguel a su despedida final que se realizar\u00e1 a las 16 horas en el Cementerio Parque El Sendero de Maip\u00fa.<\/div>\n<div dir=\"auto\"><\/div>\n<\/div>\n<div class=\"x11i5rnm xat24cr x1mh8g0r x1vvkbs xtlvy1s x126k92a\">\n<div dir=\"auto\"><span class=\"x3nfvp2 x1j61x8r x1fcty0u xdj266r xhhsvwb xat24cr xgzva0m xxymvpz xlup9mm x1kky2od\"><img loading=\"lazy\" decoding=\"async\" src=\"https:\/\/static.xx.fbcdn.net\/images\/emoji.php\/v9\/t5f\/1\/16\/270a.png\" alt=\"\u270a\" width=\"16\" height=\"16\" \/><\/span>Compa\u00f1ero Miguel \u00c1ngel Oses N\u00fa\u00f1ez, \u00a1Honor y Gloria!<\/div>\n<\/div>\n","protected":false},"excerpt":{"rendered":"<p>Informamos del sensible fallecimiento de nuestro compa\u00f1ero, esposo, padre, dirigente sindical y dirigente nacional de Industrial Chile Constramet Miguel \u00c1ngel Oses N\u00fa\u00f1ez. Nos sumamos al dolor por la p\u00e9rdida del compa\u00f1ero Miguel, quien durante su vida tuvo fue ejemplo de compromiso con la defensa de los derechos laborales y la vida de las y los &hellip;<\/p>\n","protected":false},"author":6,"featured_media":7557,"comment_status":"open","ping_status":"open","sticky":false,"template":"","format":"standard","meta":{"footnotes":""},"categories":[1,184],"tags":[211,219],"class_list":["post-7556","post","type-post","status-publish","format-standard","has-post-thumbnail","","category-noticias","category-portada","tag-constramet","tag-cut"],"_links":{"self":[{"href":"https:\/\/industrialchile.cl\/cl\/wp-json\/wp\/v2\/posts\/7556","targetHints":{"allow":["GET"]}}],"collection":[{"href":"https:\/\/industrialchile.cl\/cl\/wp-json\/wp\/v2\/posts"}],"about":[{"href":"https:\/\/industrialchile.cl\/cl\/wp-json\/wp\/v2\/types\/post"}],"author":[{"embeddable":true,"href":"https:\/\/industrialchile.cl\/cl\/wp-json\/wp\/v2\/users\/6"}],"replies":[{"embeddable":true,"href":"https:\/\/industrialchile.cl\/cl\/wp-json\/wp\/v2\/comments?post=7556"}],"version-history":[{"count":1,"href":"https:\/\/industrialchile.cl\/cl\/wp-json\/wp\/v2\/posts\/7556\/revisions"}],"predecessor-version":[{"id":7558,"href":"https:\/\/industrialchile.cl\/cl\/wp-json\/wp\/v2\/posts\/7556\/revisions\/7558"}],"wp:featuredmedia":[{"embeddable":true,"href":"https:\/\/industrialchile.cl\/cl\/wp-json\/wp\/v2\/media\/7557"}],"wp:attachment":[{"href":"https:\/\/industrialchile.cl\/cl\/wp-json\/wp\/v2\/media?parent=7556"}],"wp:term":[{"taxonomy":"category","embeddable":true,"href":"https:\/\/industrialchile.cl\/cl\/wp-json\/wp\/v2\/categories?post=7556"},{"taxonomy":"post_tag","embeddable":true,"href":"https:\/\/industrialchile.cl\/cl\/wp-json\/wp\/v2\/tags?post=7556"}],"curies":[{"name":"wp","href":"https:\/\/api.w.org\/{rel}","templated":true}]}}