{"id":7540,"date":"2023-07-07T16:42:23","date_gmt":"2023-07-07T20:42:23","guid":{"rendered":"https:\/\/industrialchile.cl\/cl\/?p=7540"},"modified":"2023-07-10T16:46:12","modified_gmt":"2023-07-10T20:46:12","slug":"ante-la-relativizacion-de-las-causas-del-golpe-civico-militar-exigimos-respeto-y-memoria","status":"publish","type":"post","link":"https:\/\/industrialchile.cl\/cl\/ante-la-relativizacion-de-las-causas-del-golpe-civico-militar-exigimos-respeto-y-memoria\/","title":{"rendered":"Ante la relativizaci\u00f3n de las causas del Golpe C\u00edvico Militar exigimos respeto y memoria"},"content":{"rendered":"<p><span style=\"font-weight: 400;\">En el marco de la Conmemoraci\u00f3n de los 50 a\u00f1os del golpe c\u00edvico militar y tras la serie de desafortunados hechos y declaraciones de diferentes personeros que durante los \u00faltimos d\u00edas han relativizado las causas del derrocamiento del gobierno popular encabezado por Salvador Allende, c\u00f3mo Industrial Chile Constramet expresamos lo siguiente:<\/span><\/p>\n<p>&nbsp;<\/p>\n<ul>\n<li style=\"font-weight: 400;\" aria-level=\"1\"><span style=\"font-weight: 400;\">Es una responsabilidad del gobierno y de todos los \u00f3rganos del Estado <\/span><span style=\"font-weight: 400;\">el trabajar por respetar la historia, los hechos y la memoria en el marco de la conmemoraci\u00f3n de los 50 a\u00f1os del Golpe c\u00edvico militar que cuyo objetivo fue desmantelar, a trav\u00e9s de una pol\u00edtica de persecuci\u00f3n y exterminio, el proyecto pol\u00edtico y social que se constru\u00eda a trav\u00e9s de la Unidad Popular para la instalaci\u00f3n en el pa\u00eds del neoliberalismo.\u00a0<\/span><\/li>\n<\/ul>\n<p>&nbsp;<\/p>\n<ul>\n<li style=\"font-weight: 400;\" aria-level=\"1\"><span style=\"font-weight: 400;\">Relativizar estos hechos es un nuevo cap\u00edtulo por querer eliminar o morigerar este per\u00edodo de nuestra historia, es instalar el relato de un consenso vac\u00edo y dar espacio a los representantes negacionistas sobre las atrocidades y cr\u00edmenes contra la vida de miles de chilenas y chilenos.\u00a0<\/span><\/li>\n<\/ul>\n<p>&nbsp;<\/p>\n<ul>\n<li style=\"font-weight: 400;\" aria-level=\"1\"><span style=\"font-weight: 400;\">Hoy con m\u00e1s fuerza y convicci\u00f3n debemos dar la disputa cultural e hist\u00f3rica frente a este hecho que marca un antes y despu\u00e9s en la historia de nuestro pa\u00eds, ceder en este \u00e1mbito puede tener consecuencias profundas en la vida de las y los chilenos, en las futuras generaciones a quienes no se les inculque el ejercicio de la memoria para las decisiones del ma\u00f1ana.\u00a0<\/span><\/li>\n<\/ul>\n<p>&nbsp;<\/p>\n<ul>\n<li style=\"font-weight: 400;\" aria-level=\"1\"><span style=\"font-weight: 400;\">La salida de Patricio Fern\u00e1ndez Chadwick de su cargo de coordinador de la conmemoraci\u00f3n de los 50 a\u00f1os del golpe de Estado, debe tomarse como un paso adelante en la defensa de la memoria y la verdad hist\u00f3rica en torno a este hecho. Pero debe ser un llamado de atenci\u00f3n para las organizaciones de Derechos Humanos, sindicales y sociales pues existe una \u00e9lite que seguir\u00e1 buscando la forma de dar a esta fecha un car\u00e1cter de unidad nacional forzosa y sin asumir las responsabilidades que les competen en este hito.\u00a0<\/span><\/li>\n<\/ul>\n<p>&nbsp;<\/p>\n<ul>\n<li style=\"font-weight: 400;\" aria-level=\"1\"><span style=\"font-weight: 400;\">Desde Industrial Chile Constramet creemos necesario que la Memoria, la Verdad, la Justicia y la No Repetici\u00f3n deben ser los ejes de la conmemoraci\u00f3n de los 50 a\u00f1os del Golpe de Estado c\u00edvico y militar, por lo mismo no podemos ser c\u00f3mplices de cualquier b\u00fasqueda de consensos espurios en esta materia y de la relativizaci\u00f3n de nuestra historia como pa\u00eds.\u00a0<\/span><\/li>\n<\/ul>\n<p><b>CONSEJO DIRECTIVO NACIONAL\u00a0<\/b><\/p>\n<p><b>INDUSTRIAL CHILE CONSTRAMET<\/b><\/p>\n<blockquote class=\"instagram-media\" style=\"background: #FFF; border: 0; border-radius: 3px; box-shadow: 0 0 1px 0 rgba(0,0,0,0.5),0 1px 10px 0 rgba(0,0,0,0.15); margin: 1px; max-width: 540px; min-width: 326px; padding: 0; width: calc(100% - 2px);\" data-instgrm-captioned=\"\" data-instgrm-permalink=\"https:\/\/www.instagram.com\/p\/CuaOrpPsSkx\/?utm_source=ig_embed&amp;utm_campaign=loading\" data-instgrm-version=\"14\">\n<div style=\"padding: 16px;\">\n<p>&nbsp;<\/p>\n<div style=\"display: flex; flex-direction: row; align-items: center;\">\n<div style=\"background-color: #f4f4f4; border-radius: 50%; flex-grow: 0; height: 40px; margin-right: 14px; width: 40px;\"><\/div>\n<div style=\"display: flex; flex-direction: column; flex-grow: 1; justify-content: center;\">\n<div style=\"background-color: #f4f4f4; border-radius: 4px; flex-grow: 0; height: 14px; margin-bottom: 6px; width: 100px;\"><\/div>\n<div style=\"background-color: #f4f4f4; border-radius: 4px; flex-grow: 0; height: 14px; width: 60px;\"><\/div>\n<\/div>\n<\/div>\n<div style=\"padding: 19% 0;\"><\/div>\n<div style=\"display: block; height: 50px; margin: 0 auto 12px; width: 50px;\"><\/div>\n<div style=\"padding-top: 8px;\">\n<div style=\"color: #3897f0; font-family: Arial,sans-serif; font-size: 14px; font-style: normal; font-weight: 550; line-height: 18px;\">Ver esta publicaci\u00f3n en Instagram<\/div>\n<\/div>\n<div style=\"padding: 12.5% 0;\"><\/div>\n<div style=\"display: flex; flex-direction: row; margin-bottom: 14px; align-items: center;\">\n<div>\n<div style=\"background-color: #f4f4f4; border-radius: 50%; height: 12.5px; width: 12.5px; transform: translateX(0px) translateY(7px);\"><\/div>\n<div style=\"background-color: #f4f4f4; height: 12.5px; transform: rotate(-45deg) translateX(3px) translateY(1px); width: 12.5px; flex-grow: 0; margin-right: 14px; margin-left: 2px;\"><\/div>\n<div style=\"background-color: #f4f4f4; border-radius: 50%; height: 12.5px; width: 12.5px; transform: translateX(9px) translateY(-18px);\"><\/div>\n<\/div>\n<div style=\"margin-left: 8px;\">\n<div style=\"background-color: #f4f4f4; border-radius: 50%; flex-grow: 0; height: 20px; width: 20px;\"><\/div>\n<div style=\"width: 0; height: 0; border-top: 2px solid transparent; border-left: 6px solid #f4f4f4; border-bottom: 2px solid transparent; transform: translateX(16px) translateY(-4px) rotate(30deg);\"><\/div>\n<\/div>\n<div style=\"margin-left: auto;\">\n<div style=\"width: 0px; border-top: 8px solid #F4F4F4; border-right: 8px solid transparent; transform: translateY(16px);\"><\/div>\n<div style=\"background-color: #f4f4f4; flex-grow: 0; height: 12px; width: 16px; transform: translateY(-4px);\"><\/div>\n<div style=\"width: 0; height: 0; border-top: 8px solid #F4F4F4; border-left: 8px solid transparent; transform: translateY(-4px) translateX(8px);\"><\/div>\n<\/div>\n<\/div>\n<div style=\"display: flex; flex-direction: column; flex-grow: 1; justify-content: center; margin-bottom: 24px;\">\n<div style=\"background-color: #f4f4f4; border-radius: 4px; flex-grow: 0; height: 14px; margin-bottom: 6px; width: 224px;\"><\/div>\n<div style=\"background-color: #f4f4f4; border-radius: 4px; flex-grow: 0; height: 14px; width: 144px;\"><\/div>\n<\/div>\n<p>&nbsp;<\/p>\n<p style=\"color: #c9c8cd; font-family: Arial,sans-serif; font-size: 14px; line-height: 17px; margin-bottom: 0; margin-top: 8px; overflow: hidden; padding: 8px 0 7px; text-align: center; text-overflow: ellipsis; white-space: nowrap;\"><a style=\"color: #c9c8cd; font-family: Arial,sans-serif; font-size: 14px; font-style: normal; font-weight: normal; line-height: 17px; text-decoration: none;\" href=\"https:\/\/www.instagram.com\/p\/CuaOrpPsSkx\/?utm_source=ig_embed&amp;utm_campaign=loading\" target=\"_blank\" rel=\"noopener\">Una publicaci\u00f3n compartida por Industrial Chile Constramet (@constrametcl)<\/a><\/p>\n<\/div>\n<\/blockquote>\n<p><script async src=\"\/\/www.instagram.com\/embed.js\"><\/script><\/p>\n","protected":false},"excerpt":{"rendered":"<p>En el marco de la Conmemoraci\u00f3n de los 50 a\u00f1os del golpe c\u00edvico militar y tras la serie de desafortunados hechos y declaraciones de diferentes personeros que durante los \u00faltimos d\u00edas han relativizado las causas del derrocamiento del gobierno popular encabezado por Salvador Allende, c\u00f3mo Industrial Chile Constramet expresamos lo siguiente: &nbsp; Es una responsabilidad &hellip;<\/p>\n","protected":false},"author":6,"featured_media":7541,"comment_status":"open","ping_status":"open","sticky":false,"template":"","format":"standard","meta":{"footnotes":""},"categories":[1,184],"tags":[195],"class_list":["post-7540","post","type-post","status-publish","format-standard","has-post-thumbnail","","category-noticias","category-portada","tag-allende"],"_links":{"self":[{"href":"https:\/\/industrialchile.cl\/cl\/wp-json\/wp\/v2\/posts\/7540","targetHints":{"allow":["GET"]}}],"collection":[{"href":"https:\/\/industrialchile.cl\/cl\/wp-json\/wp\/v2\/posts"}],"about":[{"href":"https:\/\/industrialchile.cl\/cl\/wp-json\/wp\/v2\/types\/post"}],"author":[{"embeddable":true,"href":"https:\/\/industrialchile.cl\/cl\/wp-json\/wp\/v2\/users\/6"}],"replies":[{"embeddable":true,"href":"https:\/\/industrialchile.cl\/cl\/wp-json\/wp\/v2\/comments?post=7540"}],"version-history":[{"count":1,"href":"https:\/\/industrialchile.cl\/cl\/wp-json\/wp\/v2\/posts\/7540\/revisions"}],"predecessor-version":[{"id":7542,"href":"https:\/\/industrialchile.cl\/cl\/wp-json\/wp\/v2\/posts\/7540\/revisions\/7542"}],"wp:featuredmedia":[{"embeddable":true,"href":"https:\/\/industrialchile.cl\/cl\/wp-json\/wp\/v2\/media\/7541"}],"wp:attachment":[{"href":"https:\/\/industrialchile.cl\/cl\/wp-json\/wp\/v2\/media?parent=7540"}],"wp:term":[{"taxonomy":"category","embeddable":true,"href":"https:\/\/industrialchile.cl\/cl\/wp-json\/wp\/v2\/categories?post=7540"},{"taxonomy":"post_tag","embeddable":true,"href":"https:\/\/industrialchile.cl\/cl\/wp-json\/wp\/v2\/tags?post=7540"}],"curies":[{"name":"wp","href":"https:\/\/api.w.org\/{rel}","templated":true}]}}