{"id":7418,"date":"2022-12-14T12:07:38","date_gmt":"2022-12-14T15:07:38","guid":{"rendered":"https:\/\/industrialchile.cl\/cl\/?p=7418"},"modified":"2022-12-14T12:07:38","modified_gmt":"2022-12-14T15:07:38","slug":"industrial-chile-constramet-conforma-su-consejo-directivo-y-planifica-el-2023","status":"publish","type":"post","link":"https:\/\/industrialchile.cl\/cl\/industrial-chile-constramet-conforma-su-consejo-directivo-y-planifica-el-2023\/","title":{"rendered":"Industrial Chile Constramet conforma su Consejo Directivo y planifica el 2023"},"content":{"rendered":"<p><a href=\"https:\/\/industrialchile.cl\/cl\/wp-content\/uploads\/2022\/12\/consejo.jpeg\"><img loading=\"lazy\" decoding=\"async\" class=\"alignnone size-full wp-image-7419\" src=\"https:\/\/industrialchile.cl\/cl\/wp-content\/uploads\/2022\/12\/consejo.jpeg\" alt=\"\" width=\"1280\" height=\"891\" srcset=\"https:\/\/industrialchile.cl\/cl\/wp-content\/uploads\/2022\/12\/consejo.jpeg 1280w, https:\/\/industrialchile.cl\/cl\/wp-content\/uploads\/2022\/12\/consejo-300x209.jpeg 300w, https:\/\/industrialchile.cl\/cl\/wp-content\/uploads\/2022\/12\/consejo-1024x713.jpeg 1024w, https:\/\/industrialchile.cl\/cl\/wp-content\/uploads\/2022\/12\/consejo-768x535.jpeg 768w\" sizes=\"auto, (max-width: 1280px) 100vw, 1280px\" \/><\/a><\/p>\n<p>Tras la realizaci\u00f3n del X Congreso de Industrial Chile Constramet y su proceso de elecciones internas, este martes se confirm\u00f3 el consejo directivo que conducir\u00e1 la Confederaci\u00f3n durante cuatro a\u00f1os.<\/p>\n<p>Al ser primera mayor\u00eda nacional, se ratific\u00f3 en el cargo de presidente de Industrial Chile Constramet a Horacio Fuentes Gonz\u00e1lez, quien se\u00f1al\u00f3 que la Confederaci\u00f3n <strong>\u201choy tiene un gran desaf\u00edo: ser motor para articular las fuerzas sociales y pol\u00edticas con el objetivo de profundizar los cambios que la gente, el pueblo demanda para tener una vida digna\u201d.<\/strong><\/p>\n<p><strong>\u201cEstamos en momentos trascendentales de nuestra historia<\/strong>\u201d, insisti\u00f3 Fuentes y recalc\u00f3 que<strong> \u201clas y los trabajadores debemos ser protagonista de los procesos sociales, y activarnos para que cumplamos nuestros objetivos de trabajo decente y vida digna\u201d.<\/strong><\/p>\n<p>Finalmente el presidente de Industrial Chile Constramet expres\u00f3 que <strong>\u201cnuestra Confederaci\u00f3n est\u00e1 trabajando con fuerza para responder a las exigencias de estos tiempos dif\u00edciles y es necesario seguir aunando todos los esfuerzos para hacer de nuestro trabajo por la defensa de los derechos laborales y de la vida de nuestras y nuestros compa\u00f1eros\u201d.<\/strong><\/p>\n<p>El Consejo Directivo de Industrial Chile Constramet qued\u00f3 compuesto por:<\/p>\n<p><span style=\"text-decoration: underline;\"><strong>Presidente<\/strong><\/span><\/p>\n<p>Horacio Fuentes Gonz\u00e1lez<\/p>\n<p><span style=\"text-decoration: underline;\"><strong>Vicepresidenta<\/strong><\/span><\/p>\n<p>Paola del Pino Gecele<\/p>\n<p><span style=\"text-decoration: underline;\"><strong> Secretario General\u00a0<\/strong><\/span><\/p>\n<p>Daniel Moraga Villalobos<\/p>\n<p><span style=\"text-decoration: underline;\"><strong>Secretario Organizaci\u00f3n<\/strong><\/span><\/p>\n<p>Jorge Mur\u00faa Saavedra<\/p>\n<p><span style=\"text-decoration: underline;\"><strong>Tesorero\u00a0\u00a0<\/strong><\/span><\/p>\n<p>Miguel Oses N\u00fa\u00f1ez<strong>\u00a0<\/strong><\/p>\n<p><span style=\"text-decoration: underline;\"><strong>Secretar\u00eda de Relaciones Internacionales<\/strong><\/span><\/p>\n<p>Ana Millacaris Millacaris<\/p>\n<p><strong><span style=\"text-decoration: underline;\">Secretar\u00eda de la Mujer\u00a0<\/span><\/strong><\/p>\n<p>Carolina Manzo Castillo<\/p>\n<p><span style=\"text-decoration: underline;\"><strong>Secretario de Negociaci\u00f3n Colectiva<\/strong><\/span><\/p>\n<p>Antonio G\u00e1lvez Poblete<\/p>\n<p><span style=\"text-decoration: underline;\"><strong>Secretario de la Juventud\u00a0\u00a0<\/strong><\/span><\/p>\n<p>Ariel Vega D\u00e1valos<strong>\u00a0 \u00a0 \u00a0 \u00a0 \u00a0 \u00a0 \u00a0 \u00a0 \u00a0 \u00a0 \u00a0 \u00a0 \u00a0 \u00a0 \u00a0 \u00a0 \u00a0 \u00a0\u00a0<\/strong><\/p>\n<p><strong><span style=\"text-decoration: underline;\">Secretario de Seguridad Social<\/span><\/strong><\/p>\n<p>Eduardo Cortez Guerrero<\/p>\n<p><strong><span style=\"text-decoration: underline;\">Secretar\u00eda de Comunicaciones<\/span><\/strong><\/p>\n<p>Erika Gajardo Gonz\u00e1lez\u00a0<strong>\u00a0 \u00a0 \u00a0 \u00a0 \u00a0 \u00a0 \u00a0 \u00a0 \u00a0 \u00a0 \u00a0 \u00a0 \u00a0 \u00a0 \u00a0 \u00a0 \u00a0 \u00a0 \u00a0 \u00a0 \u00a0 \u00a0 \u00a0 \u00a0 \u00a0<\/strong><\/p>\n<p><span style=\"text-decoration: underline;\"><strong>Secretario de Educaci\u00f3n<\/strong><\/span><\/p>\n<p>Patricio Silva Bravo<\/p>\n<p><span style=\"text-decoration: underline;\"><strong>Directores<\/strong><\/span><\/p>\n<p><span style=\"font-weight: 400;\">Paola Becher Ch\u00e1vez\u00a0\u00a0\u00a0\u00a0\u00a0\u00a0\u00a0\u00a0\u00a0\u00a0\u00a0\u00a0\u00a0\u00a0\u00a0\u00a0\u00a0\u00a0\u00a0\u00a0\u00a0\u00a0\u00a0\u00a0\u00a0\u00a0\u00a0\u00a0\u00a0\u00a0\u00a0\u00a0<\/span><\/p>\n<p><span style=\"font-weight: 400;\">Salvador Vejar Calabrano<\/span><\/p>\n<p><span style=\"font-weight: 400;\">Jos\u00e9 San Mart\u00edn Perez \u00a0 \u00a0 \u00a0 \u00a0 \u00a0 \u00a0 \u00a0 \u00a0 \u00a0 \u00a0 \u00a0 \u00a0 \u00a0 \u00a0 \u00a0 \u00a0 \u00a0 \u00a0 \u00a0 <\/span><\/p>\n<p><span style=\"font-weight: 400;\">Sabina Pichipil Millan<\/span><\/p>\n<p><span style=\"font-weight: 400;\">Claudio R\u00edos Villarroel \u00a0 \u00a0 \u00a0 \u00a0 \u00a0 \u00a0 \u00a0 \u00a0 \u00a0 \u00a0 <\/span> <span style=\"font-weight: 400;\">\u00a0 <\/span><\/p>\n<p><span style=\"font-weight: 400;\">Maximo Meza Torrealba<\/span><\/p>\n<p><span style=\"font-weight: 400;\">Patricio Aguilera Milla\u00a0 \u00a0 \u00a0 \u00a0 \u00a0 \u00a0 \u00a0 \u00a0 \u00a0 \u00a0 \u00a0 <\/span> <span style=\"font-weight: 400;\">\u00a0\u00a0\u00a0\u00a0<\/span><\/p>\n<p><span style=\"font-weight: 400;\">Alvaro Reyes Calderon<\/span><\/p>\n<p><span style=\"font-weight: 400;\">Alex Molina Figueroa\u00a0\u00a0\u00a0\u00a0\u00a0\u00a0\u00a0\u00a0\u00a0\u00a0\u00a0\u00a0\u00a0\u00a0\u00a0\u00a0\u00a0\u00a0\u00a0\u00a0\u00a0\u00a0\u00a0\u00a0\u00a0\u00a0\u00a0\u00a0\u00a0\u00a0<\/span><\/p>\n<p><span style=\"font-weight: 400;\">Orlando Vera Henr\u00edquez<\/span><\/p>\n<p><span style=\"font-weight: 400;\">Mauricio Bustamante Figueroa \u00a0 \u00a0 <\/span> <span style=\"font-weight: 400;\">\u00a0 \u00a0 <\/span><\/p>\n<p><span style=\"font-weight: 400;\">Manuel Galaz Morales<\/span><\/p>\n<p><span style=\"font-weight: 400;\">Miguel Astudillo Valenzuela \u00a0 \u00a0 \u00a0 \u00a0 <\/span> <span style=\"font-weight: 400;\">\u00a0\u00a0\u00a0\u00a0\u00a0<\/span><\/p>\n<p><span style=\"font-weight: 400;\">Jaime Rodriguez Fuentes<\/span><\/p>\n<p>&nbsp;<\/p>\n<p>&nbsp;<\/p>\n","protected":false},"excerpt":{"rendered":"<p>Tras la realizaci\u00f3n del X Congreso de Industrial Chile Constramet y su proceso de elecciones internas, este martes se confirm\u00f3 el consejo directivo que conducir\u00e1 la Confederaci\u00f3n durante cuatro a\u00f1os. Al ser primera mayor\u00eda nacional, se ratific\u00f3 en el cargo de presidente de Industrial Chile Constramet a Horacio Fuentes Gonz\u00e1lez, quien se\u00f1al\u00f3 que la Confederaci\u00f3n &hellip;<\/p>\n","protected":false},"author":6,"featured_media":7419,"comment_status":"open","ping_status":"open","sticky":false,"template":"","format":"standard","meta":{"footnotes":""},"categories":[1,184],"tags":[],"class_list":["post-7418","post","type-post","status-publish","format-standard","has-post-thumbnail","","category-noticias","category-portada"],"_links":{"self":[{"href":"https:\/\/industrialchile.cl\/cl\/wp-json\/wp\/v2\/posts\/7418","targetHints":{"allow":["GET"]}}],"collection":[{"href":"https:\/\/industrialchile.cl\/cl\/wp-json\/wp\/v2\/posts"}],"about":[{"href":"https:\/\/industrialchile.cl\/cl\/wp-json\/wp\/v2\/types\/post"}],"author":[{"embeddable":true,"href":"https:\/\/industrialchile.cl\/cl\/wp-json\/wp\/v2\/users\/6"}],"replies":[{"embeddable":true,"href":"https:\/\/industrialchile.cl\/cl\/wp-json\/wp\/v2\/comments?post=7418"}],"version-history":[{"count":1,"href":"https:\/\/industrialchile.cl\/cl\/wp-json\/wp\/v2\/posts\/7418\/revisions"}],"predecessor-version":[{"id":7420,"href":"https:\/\/industrialchile.cl\/cl\/wp-json\/wp\/v2\/posts\/7418\/revisions\/7420"}],"wp:featuredmedia":[{"embeddable":true,"href":"https:\/\/industrialchile.cl\/cl\/wp-json\/wp\/v2\/media\/7419"}],"wp:attachment":[{"href":"https:\/\/industrialchile.cl\/cl\/wp-json\/wp\/v2\/media?parent=7418"}],"wp:term":[{"taxonomy":"category","embeddable":true,"href":"https:\/\/industrialchile.cl\/cl\/wp-json\/wp\/v2\/categories?post=7418"},{"taxonomy":"post_tag","embeddable":true,"href":"https:\/\/industrialchile.cl\/cl\/wp-json\/wp\/v2\/tags?post=7418"}],"curies":[{"name":"wp","href":"https:\/\/api.w.org\/{rel}","templated":true}]}}