{"id":7371,"date":"2022-09-12T12:56:55","date_gmt":"2022-09-12T15:56:55","guid":{"rendered":"https:\/\/industrialchile.cl\/cl\/?p=7371"},"modified":"2022-09-12T13:03:26","modified_gmt":"2022-09-12T16:03:26","slug":"industrial-realiza-asamble-general-este-14-de-septiembre","status":"publish","type":"post","link":"https:\/\/industrialchile.cl\/cl\/industrial-realiza-asamble-general-este-14-de-septiembre\/","title":{"rendered":"Industrial Chile Constramet realiza Asamblea General este 14 de septiembre"},"content":{"rendered":"<div class=\"\" data-block=\"true\" data-editor=\"ae9u4\" data-offset-key=\"9t6h2-0-0\">\n<div class=\"_1mf _1mj\" data-offset-key=\"9t6h2-0-0\"><span data-offset-key=\"9t6h2-0-0\">Este 14 de septiembre realizamos nuestra Asamblea Nacional, con iras a nuestro 10\u00ba Congreso, para analizar y proyectar nuestras tareas como organizaci\u00f3n en el marco de un escenario pol\u00edtico y social que requiere todo nuestro compromiso. <\/span><\/div>\n<\/div>\n<div class=\"\" data-block=\"true\" data-editor=\"ae9u4\" data-offset-key=\"fhgh6-0-0\">\n<div class=\"_1mf _1mj\" data-offset-key=\"fhgh6-0-0\"><span data-offset-key=\"fhgh6-0-0\">\u00a0<\/span><\/div>\n<\/div>\n<div class=\"\" data-block=\"true\" data-editor=\"ae9u4\" data-offset-key=\"ftt55-0-0\">\n<div class=\"_1mf _1mj\" data-offset-key=\"ftt55-0-0\"><span data-offset-key=\"ftt55-0-0\">Contaremos con la presencia del compa\u00f1ero e convenci\u00f3 al Marco Barraza para reflexionar sobre los resultados del plebiscito del 4S y c\u00f3mo avanzamos en el camino hacia una nueva constituci\u00f3n. <\/span><\/div>\n<\/div>\n","protected":false},"excerpt":{"rendered":"<p>Este 14 de septiembre realizamos nuestra Asamblea Nacional, con iras a nuestro 10\u00ba Congreso, para analizar y proyectar nuestras tareas como organizaci\u00f3n en el marco de un escenario pol\u00edtico y social que requiere todo nuestro compromiso. \u00a0 Contaremos con la presencia del compa\u00f1ero e convenci\u00f3 al Marco Barraza para reflexionar sobre los resultados del plebiscito &hellip;<\/p>\n","protected":false},"author":6,"featured_media":7375,"comment_status":"open","ping_status":"open","sticky":false,"template":"","format":"standard","meta":{"footnotes":""},"categories":[1,184],"tags":[456,211,433],"class_list":["post-7371","post","type-post","status-publish","format-standard","has-post-thumbnail","","category-noticias","category-portada","tag-asamblea","tag-constramet","tag-trabajo-decente"],"_links":{"self":[{"href":"https:\/\/industrialchile.cl\/cl\/wp-json\/wp\/v2\/posts\/7371","targetHints":{"allow":["GET"]}}],"collection":[{"href":"https:\/\/industrialchile.cl\/cl\/wp-json\/wp\/v2\/posts"}],"about":[{"href":"https:\/\/industrialchile.cl\/cl\/wp-json\/wp\/v2\/types\/post"}],"author":[{"embeddable":true,"href":"https:\/\/industrialchile.cl\/cl\/wp-json\/wp\/v2\/users\/6"}],"replies":[{"embeddable":true,"href":"https:\/\/industrialchile.cl\/cl\/wp-json\/wp\/v2\/comments?post=7371"}],"version-history":[{"count":3,"href":"https:\/\/industrialchile.cl\/cl\/wp-json\/wp\/v2\/posts\/7371\/revisions"}],"predecessor-version":[{"id":7376,"href":"https:\/\/industrialchile.cl\/cl\/wp-json\/wp\/v2\/posts\/7371\/revisions\/7376"}],"wp:featuredmedia":[{"embeddable":true,"href":"https:\/\/industrialchile.cl\/cl\/wp-json\/wp\/v2\/media\/7375"}],"wp:attachment":[{"href":"https:\/\/industrialchile.cl\/cl\/wp-json\/wp\/v2\/media?parent=7371"}],"wp:term":[{"taxonomy":"category","embeddable":true,"href":"https:\/\/industrialchile.cl\/cl\/wp-json\/wp\/v2\/categories?post=7371"},{"taxonomy":"post_tag","embeddable":true,"href":"https:\/\/industrialchile.cl\/cl\/wp-json\/wp\/v2\/tags?post=7371"}],"curies":[{"name":"wp","href":"https:\/\/api.w.org\/{rel}","templated":true}]}}