{"id":7349,"date":"2022-08-04T17:30:01","date_gmt":"2022-08-04T21:30:01","guid":{"rendered":"https:\/\/industrialchile.cl\/cl\/?p=7349"},"modified":"2022-08-04T17:30:01","modified_gmt":"2022-08-04T21:30:01","slug":"asamblea-nacional-industrial-chile-constramet-comprometida-con-el-apruebo-y-se-prepara-para-los-desafios-del-mundo-del-trabajo","status":"publish","type":"post","link":"https:\/\/industrialchile.cl\/cl\/asamblea-nacional-industrial-chile-constramet-comprometida-con-el-apruebo-y-se-prepara-para-los-desafios-del-mundo-del-trabajo\/","title":{"rendered":"Asamblea Nacional Industrial Chile Constramet: Comprometida con el Apruebo y se prepara para los desaf\u00edos del mundo del Trabajo"},"content":{"rendered":"<p class=\"p1\">Este 4 de agosto se realizo en el sal\u00f3n principal de la Central Unitaria de Trabajadores, la Asamblea Nacional de Industrial Chile Constramet, instancia en la que se definieron las fechas del proceso de elecci\u00f3n interna de la Confederaci\u00f3n y a los equipos de Comisi\u00f3n Nacional Electoral y Comisi\u00f3n Revisadora de Cuentas.<\/p>\n<p class=\"p1\">Junto con eso se realiz\u00f3 un homenaje al dirigente nacional, ex presidente de Industrial Chile Constramet y actual encargado de relaciones internacionales de nuestra Confederaci\u00f3n, Miguel Soto, quien se retira para tomar nuevas responsabilidades. Al respecto Horacio Fuentes -actual presidente de la Confederaci\u00f3n- se\u00f1al\u00f3 que \u201cen la figura de Miguel se encarnan todos los valores que debe tener un dirigente sindical: poner por delante los intereses colectivos por sobre los intereses personales, dedicarse a la formaci\u00f3n permanente de cuadros sindicales que estuvieran a disposici\u00f3n de la defensa de los derechos laborales, hacerle frente a una dictadura y ponerse a disposici\u00f3n para rearticular al movimiento obrero y sindical en el pa\u00eds\u201d.<\/p>\n<p><a href=\"https:\/\/industrialchile.cl\/cl\/wp-content\/uploads\/2022\/08\/asamblea-1.png\"><img loading=\"lazy\" decoding=\"async\" class=\"alignnone size-full wp-image-7351\" src=\"https:\/\/industrialchile.cl\/cl\/wp-content\/uploads\/2022\/08\/asamblea-1.png\" alt=\"\" width=\"4014\" height=\"2087\" srcset=\"https:\/\/industrialchile.cl\/cl\/wp-content\/uploads\/2022\/08\/asamblea-1.png 4014w, https:\/\/industrialchile.cl\/cl\/wp-content\/uploads\/2022\/08\/asamblea-1-300x156.png 300w, https:\/\/industrialchile.cl\/cl\/wp-content\/uploads\/2022\/08\/asamblea-1-1024x532.png 1024w, https:\/\/industrialchile.cl\/cl\/wp-content\/uploads\/2022\/08\/asamblea-1-768x399.png 768w, https:\/\/industrialchile.cl\/cl\/wp-content\/uploads\/2022\/08\/asamblea-1-1536x799.png 1536w, https:\/\/industrialchile.cl\/cl\/wp-content\/uploads\/2022\/08\/asamblea-1-2048x1065.png 2048w\" sizes=\"auto, (max-width: 4014px) 100vw, 4014px\" \/><\/a><\/p>\n<p class=\"p1\">\u201cEl legado de Miguel Soto es hoy la Confederaci\u00f3n y nuestra tarea es seguir fortaleciendola para convertirla en una protagonista como actor social y como defensor de los derechos laborales\u201d, se\u00f1al\u00f3 Fuentes.<\/p>\n<p class=\"p3\">\u201cComo Confederaci\u00f3n debemos, a un mes del plebiscito de salida, comprometernos a no solo difundir desde las redes sociales, sino que salir a la calle, sumar a todos y todas, articularnos con otros actores sociales que nos permitan construir una mayor\u00eda contundente que apruebe la nueva constituci\u00f3n\u201d expres\u00f3 el presidente de Industrial Chile Constramet respecto de las tareas de la Confederaci\u00f3n en el actual contexto social y pol\u00edtico del pa\u00eds.<\/p>\n<p class=\"p3\">Y recalca: \u201cLa tarea post plebiscito y posible triunfo del Apruebo es que tenemos la responsabilidad como organizaci\u00f3n sindical, como representantes de las y los trabajadores es estar atentos, a organizarnos y movilizarnos para hacer presi\u00f3n para la implementaci\u00f3n de los art\u00edculos que hablan de Trabajo en la Nueva Constituci\u00f3n. No podemos quedarnos en aprobar, debemos movilizarnos para que la Nueva Constituci\u00f3n transforme las condiciones laborales, de salud y protecci\u00f3n a las y los trabajadores\u201d.<\/p>\n","protected":false},"excerpt":{"rendered":"<p>Este 4 de agosto se realizo en el sal\u00f3n principal de la Central Unitaria de Trabajadores, la Asamblea Nacional de Industrial Chile Constramet, instancia en la que se definieron las fechas del proceso de elecci\u00f3n interna de la Confederaci\u00f3n y a los equipos de Comisi\u00f3n Nacional Electoral y Comisi\u00f3n Revisadora de Cuentas. Junto con eso &hellip;<\/p>\n","protected":false},"author":6,"featured_media":7350,"comment_status":"open","ping_status":"open","sticky":false,"template":"","format":"standard","meta":{"footnotes":""},"categories":[1,184],"tags":[407,396,211,363],"class_list":["post-7349","post","type-post","status-publish","format-standard","has-post-thumbnail","","category-noticias","category-portada","tag-apruebo","tag-chile","tag-constramet","tag-nueva-constitucion"],"_links":{"self":[{"href":"https:\/\/industrialchile.cl\/cl\/wp-json\/wp\/v2\/posts\/7349","targetHints":{"allow":["GET"]}}],"collection":[{"href":"https:\/\/industrialchile.cl\/cl\/wp-json\/wp\/v2\/posts"}],"about":[{"href":"https:\/\/industrialchile.cl\/cl\/wp-json\/wp\/v2\/types\/post"}],"author":[{"embeddable":true,"href":"https:\/\/industrialchile.cl\/cl\/wp-json\/wp\/v2\/users\/6"}],"replies":[{"embeddable":true,"href":"https:\/\/industrialchile.cl\/cl\/wp-json\/wp\/v2\/comments?post=7349"}],"version-history":[{"count":1,"href":"https:\/\/industrialchile.cl\/cl\/wp-json\/wp\/v2\/posts\/7349\/revisions"}],"predecessor-version":[{"id":7352,"href":"https:\/\/industrialchile.cl\/cl\/wp-json\/wp\/v2\/posts\/7349\/revisions\/7352"}],"wp:featuredmedia":[{"embeddable":true,"href":"https:\/\/industrialchile.cl\/cl\/wp-json\/wp\/v2\/media\/7350"}],"wp:attachment":[{"href":"https:\/\/industrialchile.cl\/cl\/wp-json\/wp\/v2\/media?parent=7349"}],"wp:term":[{"taxonomy":"category","embeddable":true,"href":"https:\/\/industrialchile.cl\/cl\/wp-json\/wp\/v2\/categories?post=7349"},{"taxonomy":"post_tag","embeddable":true,"href":"https:\/\/industrialchile.cl\/cl\/wp-json\/wp\/v2\/tags?post=7349"}],"curies":[{"name":"wp","href":"https:\/\/api.w.org\/{rel}","templated":true}]}}