{"id":7346,"date":"2022-07-26T10:50:00","date_gmt":"2022-07-26T14:50:00","guid":{"rendered":"https:\/\/industrialchile.cl\/cl\/?p=7346"},"modified":"2022-07-26T10:50:00","modified_gmt":"2022-07-26T14:50:00","slug":"los-avances-para-el-mundo-del-trabajo-en-la-nueva-constitucion","status":"publish","type":"post","link":"https:\/\/industrialchile.cl\/cl\/los-avances-para-el-mundo-del-trabajo-en-la-nueva-constitucion\/","title":{"rendered":"Los avances para el mundo del trabajo en la Nueva Constituci\u00f3n"},"content":{"rendered":"<p><i><span style=\"font-weight: 400;\">Por Horacio Fuentes, presidente Industrial Chile Constramet. Columna publicada en <a href=\"https:\/\/opinion.cooperativa.cl\/opinion\/politica\/avances-para-el-mundo-del-trabajo-en-la-nueva-constitucion\/2022-07-25\/172645.html\">Cooperativa.cl<\/a><\/span><\/i><\/p>\n<p><span style=\"font-weight: 400;\">La discusi\u00f3n en las \u00faltimas semanas respecto de la nueva Constituci\u00f3n ha estado concentrada y absorbida por los protagonistas de los \u00faltimos 42 a\u00f1os, per\u00edodo en que la dictadura instal\u00f3 un modelo neoliberal cuyo objetivo era generar discriminaci\u00f3n, concentraci\u00f3n de la riqueza y la privatizaci\u00f3n de los derechos esenciales. Un tiempo en el cual se construy\u00f3 un coro defensor del status quo maquillado de \u201cresponsabilidad\u201d.\u00a0<\/span><\/p>\n<p><span style=\"font-weight: 400;\">De ah\u00ed que la l\u00f3gica noventera de los consensos, las ofertas de que ahora se est\u00e1 disponible para introducir reformas, de que hay que rechazar para cambiar la Constituci\u00f3n o aprobar para reformar, solo buscan levantar bloqueos que le impidan al pueblo de Chile avanzar hacia un camino donde el horizonte es una vida buena, justa y digna.\u00a0<\/span><\/p>\n<p><span style=\"font-weight: 400;\">Este horizonte esperanzador se presenta indiscutiblemente en el articulado que hace referencia al trabajo, en el cual se apunta a equilibrar las posiciones entre las y los trabajadores frente a los empleadores, garantiza mejores condiciones laborales y salariales, asegura la posibilidad de organizarnos libremente y negociar colectivamente, reconoce a los cuidados como una actividad econ\u00f3mica y, finalmente, establece un Sistema de Seguridad Social que nos asegure buenas pensiones al momento de jubilar.\u00a0<\/span><\/p>\n<p><span style=\"font-weight: 400;\">Son avances evidentes respecto del actual estado de las cosas. Un ejemplo de ello es el art\u00edculo 46 de la nueva propuesta de texto constitucional: \u201cEl Estado garantiza el trabajo decente y su proteccio\u0301n. Este comprende el derecho a condiciones laborales equitativas, a la salud y seguridad en el trabajo, al descanso, al disfrute del tiempo libre, a la desconexio\u0301n digital, a la garanti\u0301a de indemnidad y al pleno respeto de los derechos fundamentales en el contexto del trabajo\u201d. Es decir, le baja la cortina al coraz\u00f3n del C\u00f3digo del Trabajo de la dictadura, que promueve los abusos laborales a los que nos exponemos diariamente.\u00a0<\/span><\/p>\n<p><span style=\"font-weight: 400;\">Garantizar un marco jur\u00eddico que proteja la vida de las y los trabajadores, que reconozca el valor del Trabajo en la econom\u00eda nacional, que establezca un mayor equilibrio en la relaci\u00f3n de poder entre los trabajadores y los empleadores es un piso m\u00ednimo de la nueva Constituci\u00f3n, que es, por lo mismo, un impulso para cambios legislativos profundos en favor de quienes movemos la econom\u00eda.\u00a0<\/span><\/p>\n<p><span style=\"font-weight: 400;\">Aprobar estos cambios es fundamental para concretar los procesos por los que nos hemos movilizado y organizado. Aprobar los avances en favor de las y los trabajadores en la nueva Constituci\u00f3n es mirar el futuro con esperanza.\u00a0<\/span><span style=\"font-weight: 400;\"><br \/>\n<\/span><\/p>\n","protected":false},"excerpt":{"rendered":"<p>Por Horacio Fuentes, presidente Industrial Chile Constramet. Columna publicada en Cooperativa.cl La discusi\u00f3n en las \u00faltimas semanas respecto de la nueva Constituci\u00f3n ha estado concentrada y absorbida por los protagonistas de los \u00faltimos 42 a\u00f1os, per\u00edodo en que la dictadura instal\u00f3 un modelo neoliberal cuyo objetivo era generar discriminaci\u00f3n, concentraci\u00f3n de la riqueza y la &hellip;<\/p>\n","protected":false},"author":6,"featured_media":7182,"comment_status":"open","ping_status":"open","sticky":false,"template":"","format":"standard","meta":{"footnotes":""},"categories":[1,184],"tags":[407,378,363,414,259,433],"class_list":["post-7346","post","type-post","status-publish","format-standard","has-post-thumbnail","","category-noticias","category-portada","tag-apruebo","tag-dignidad","tag-nueva-constitucion","tag-nuevo-chile","tag-trabajo","tag-trabajo-decente"],"_links":{"self":[{"href":"https:\/\/industrialchile.cl\/cl\/wp-json\/wp\/v2\/posts\/7346","targetHints":{"allow":["GET"]}}],"collection":[{"href":"https:\/\/industrialchile.cl\/cl\/wp-json\/wp\/v2\/posts"}],"about":[{"href":"https:\/\/industrialchile.cl\/cl\/wp-json\/wp\/v2\/types\/post"}],"author":[{"embeddable":true,"href":"https:\/\/industrialchile.cl\/cl\/wp-json\/wp\/v2\/users\/6"}],"replies":[{"embeddable":true,"href":"https:\/\/industrialchile.cl\/cl\/wp-json\/wp\/v2\/comments?post=7346"}],"version-history":[{"count":1,"href":"https:\/\/industrialchile.cl\/cl\/wp-json\/wp\/v2\/posts\/7346\/revisions"}],"predecessor-version":[{"id":7347,"href":"https:\/\/industrialchile.cl\/cl\/wp-json\/wp\/v2\/posts\/7346\/revisions\/7347"}],"wp:featuredmedia":[{"embeddable":true,"href":"https:\/\/industrialchile.cl\/cl\/wp-json\/wp\/v2\/media\/7182"}],"wp:attachment":[{"href":"https:\/\/industrialchile.cl\/cl\/wp-json\/wp\/v2\/media?parent=7346"}],"wp:term":[{"taxonomy":"category","embeddable":true,"href":"https:\/\/industrialchile.cl\/cl\/wp-json\/wp\/v2\/categories?post=7346"},{"taxonomy":"post_tag","embeddable":true,"href":"https:\/\/industrialchile.cl\/cl\/wp-json\/wp\/v2\/tags?post=7346"}],"curies":[{"name":"wp","href":"https:\/\/api.w.org\/{rel}","templated":true}]}}