{"id":7178,"date":"2022-01-21T09:00:28","date_gmt":"2022-01-21T12:00:28","guid":{"rendered":"https:\/\/industrialchile.cl\/cl\/?p=7178"},"modified":"2022-01-23T23:50:12","modified_gmt":"2022-01-24T02:50:12","slug":"los-frutos-que-las-y-los-trabajadores-esperamos-del-arbol","status":"publish","type":"post","link":"https:\/\/industrialchile.cl\/cl\/los-frutos-que-las-y-los-trabajadores-esperamos-del-arbol\/","title":{"rendered":"Los frutos que las y los trabajadores esperamos del \u00e1rbol"},"content":{"rendered":"<p><i><span style=\"font-weight: 400;\">Por Horacio Fuentes, presidente de Industrial Chile Constramet\u00a0<\/span><\/i><\/p>\n<p>Columna publicada en radio <a href=\"https:\/\/radio.uchile.cl\/2022\/01\/20\/los-frutos-que-los-trabajadores-esperamos-del-arbol\/\">Universidad de Chile\u00a0<\/a><\/p>\n<p>&nbsp;<\/p>\n<p><span style=\"font-weight: 400;\">Con el triunfo electoral de diciembre hemos avanzado en pos de\u00a0 la construcci\u00f3n de una sociedad de derechos y sin exclusiones, pero el mundo de las y los trabajadores tiene la tarea de seguir derribando los obst\u00e1culos que han impedido la justicia social en Chile a fin de cumplir el sue\u00f1o de que otro mundo es posible.\u00a0<\/span><\/p>\n<p>&nbsp;<\/p>\n<p><span style=\"font-weight: 400;\">Este nuevo gobierno debe ser el que garantice el camino de consolidar la idea de un Chile industrial que genere mejores puestos de trabajo que tengamos pensiones dignas, mejorar la salud y la educaci\u00f3n p\u00fablica de calidad y gratuita se trata entonces de avanzar en m\u00e1s y mejores derechos y desterrar esta sociedad de \u00ablibertades\u00bb que otorga mejor calidad de vida a quien tiene m\u00e1s ingresos\u00a0<\/span><\/p>\n<p>&nbsp;<\/p>\n<p><a href=\"https:\/\/industrialchile.cl\/cl\/wp-content\/uploads\/2022\/01\/trabajo.jpg\"><img loading=\"lazy\" decoding=\"async\" class=\"alignnone size-full wp-image-7179\" src=\"https:\/\/industrialchile.cl\/cl\/wp-content\/uploads\/2022\/01\/trabajo.jpg\" alt=\"\" width=\"767\" height=\"432\" srcset=\"https:\/\/industrialchile.cl\/cl\/wp-content\/uploads\/2022\/01\/trabajo.jpg 767w, https:\/\/industrialchile.cl\/cl\/wp-content\/uploads\/2022\/01\/trabajo-300x169.jpg 300w\" sizes=\"auto, (max-width: 767px) 100vw, 767px\" \/><\/a><\/p>\n<p>&nbsp;<\/p>\n<p><span style=\"font-weight: 400;\">Debemos ser conscientes que no ser\u00e1 f\u00e1cil reducir\u00a0 los privilegios del 1% m\u00e1s rico y es tarea del\u00a0 gobierno del presidente Boric, adem\u00e1s de incidir en la elaboraci\u00f3n de una nueva Constituci\u00f3n que consagre derechos\u00a0 sociales y devuelva la soberan\u00eda al pueblo.\u00a0<\/span><\/p>\n<p>&nbsp;<\/p>\n<p><span style=\"font-weight: 400;\">Hasta ahora hemos visto que se han desarrollado pol\u00edticas donde los intereses de las y los trabajadores han sido puestas en el vag\u00f3n de cola de los diferentes gobiernos en los \u00faltimos a\u00f1os, haciendo la excepci\u00f3n del intento de reforma laboral de Michelle Bachelet que fue reducida por aquellos que no leyeron el programa en su momento.\u00a0<\/span><\/p>\n<p>&nbsp;<\/p>\n<p><span style=\"font-weight: 400;\">Ahora estamos en un momento crucial para abrir una nueva era de derechos en materia laboral, donde el reci\u00e9n electo gobierno encabezado por Gabriel Boric tiene la tarea de avanzar en las reformas que permitan garantizar las condiciones laborales y de vida digna para\u00a0 millones de chilenas y chilenos que se ven precarizados o sometidos a escenarios poco seguros en sus lugares de trabajo.\u00a0<\/span><\/p>\n<p>&nbsp;<\/p>\n<p><span style=\"font-weight: 400;\">Por lo mismo es muy necesario que se den se\u00f1ales claras de cu\u00e1l ser\u00e1 la direcci\u00f3n que seguir\u00e1 el gobierno electo en materia de Trabajo, dando a conocer a qui\u00e9n encabece el ministerio correspondiente y establezca su agenda legislativa.\u00a0<\/span><\/p>\n<p>&nbsp;<\/p>\n<p><span style=\"font-weight: 400;\">Aqu\u00ed hay tres puntos fundamentales: el proyecto de 40 horas, que es un avance en la calidad de vida de las y los trabajadores que hoy se encuentra estancado en el Senado por los guardianes de los grandes intereses econ\u00f3micos; una reforma a la legislaci\u00f3n relativa a la salud ocupacional que establezca y garantice la vida de chilenas y chilenos en sus puestos de trabajo junto con garantizar adecuadamente los tratamientos en caso de enfermedades y accidentes. Por \u00faltimo, avanzar en una reforma previsional que no solo apunte a elevar las pensiones en el pa\u00eds sino que sean los pilares de un modelo de seguridad social que permita asegurar condiciones de vida dignas para aquellas y aquellos que dieron su vida en a\u00f1os de trabajo.\u00a0<\/span><\/p>\n<p>&nbsp;<\/p>\n<p><span style=\"font-weight: 400;\">Asimismo tal como ha sido presentado en su programa de gobierno, Boric debe iniciar el proceso de construcci\u00f3n de un Nuevo Modelo de Desarrollo para Chile, el que debiera ir en l\u00ednea con el trabajo que desarrolle en este sentido la Convenci\u00f3n Constitucional, donde se abra el camino a la reindustrializaci\u00f3n del pa\u00eds, que se ocupe de una producci\u00f3n limpia y de cuidado al medio ambiente, comprometi\u00e9ndose con el proceso de desarrollo integral del pa\u00eds dejando atr\u00e1s la nefasta pol\u00edtica del crecimiento.\u00a0<\/span><\/p>\n<p>&nbsp;<\/p>\n<p>&nbsp;<\/p>\n","protected":false},"excerpt":{"rendered":"<p>Por Horacio Fuentes, presidente de Industrial Chile Constramet\u00a0 Columna publicada en radio Universidad de Chile\u00a0 &nbsp; Con el triunfo electoral de diciembre hemos avanzado en pos de\u00a0 la construcci\u00f3n de una sociedad de derechos y sin exclusiones, pero el mundo de las y los trabajadores tiene la tarea de seguir derribando los obst\u00e1culos que han &hellip;<\/p>\n","protected":false},"author":6,"featured_media":7179,"comment_status":"open","ping_status":"open","sticky":false,"template":"","format":"standard","meta":{"footnotes":""},"categories":[1,184],"tags":[427,259,433],"class_list":["post-7178","post","type-post","status-publish","format-standard","has-post-thumbnail","","category-noticias","category-portada","tag-gabriel-boric","tag-trabajo","tag-trabajo-decente"],"_links":{"self":[{"href":"https:\/\/industrialchile.cl\/cl\/wp-json\/wp\/v2\/posts\/7178","targetHints":{"allow":["GET"]}}],"collection":[{"href":"https:\/\/industrialchile.cl\/cl\/wp-json\/wp\/v2\/posts"}],"about":[{"href":"https:\/\/industrialchile.cl\/cl\/wp-json\/wp\/v2\/types\/post"}],"author":[{"embeddable":true,"href":"https:\/\/industrialchile.cl\/cl\/wp-json\/wp\/v2\/users\/6"}],"replies":[{"embeddable":true,"href":"https:\/\/industrialchile.cl\/cl\/wp-json\/wp\/v2\/comments?post=7178"}],"version-history":[{"count":2,"href":"https:\/\/industrialchile.cl\/cl\/wp-json\/wp\/v2\/posts\/7178\/revisions"}],"predecessor-version":[{"id":7186,"href":"https:\/\/industrialchile.cl\/cl\/wp-json\/wp\/v2\/posts\/7178\/revisions\/7186"}],"wp:featuredmedia":[{"embeddable":true,"href":"https:\/\/industrialchile.cl\/cl\/wp-json\/wp\/v2\/media\/7179"}],"wp:attachment":[{"href":"https:\/\/industrialchile.cl\/cl\/wp-json\/wp\/v2\/media?parent=7178"}],"wp:term":[{"taxonomy":"category","embeddable":true,"href":"https:\/\/industrialchile.cl\/cl\/wp-json\/wp\/v2\/categories?post=7178"},{"taxonomy":"post_tag","embeddable":true,"href":"https:\/\/industrialchile.cl\/cl\/wp-json\/wp\/v2\/tags?post=7178"}],"curies":[{"name":"wp","href":"https:\/\/api.w.org\/{rel}","templated":true}]}}