{"id":7158,"date":"2021-12-13T09:49:15","date_gmt":"2021-12-13T12:49:15","guid":{"rendered":"https:\/\/industrialchile.cl\/cl\/?p=7158"},"modified":"2021-12-13T10:07:08","modified_gmt":"2021-12-13T13:07:08","slug":"los-trabajadores-no-tenemos-otra-opcion-que-votar-por-la-democracia","status":"publish","type":"post","link":"https:\/\/industrialchile.cl\/cl\/los-trabajadores-no-tenemos-otra-opcion-que-votar-por-la-democracia\/","title":{"rendered":"Los trabajadores no tenemos otra opci\u00f3n que votar por la democracia"},"content":{"rendered":"<p>DECLARACI\u00d3N P\u00daBLICA<\/p>\n<p>El Consejo Directivo Nacional de Industrial Chile \u201cCONSTRAMET\u201d, ante el riesgo real y concreto de retroceder en derechos, hacemos un llamado a todos y todas, los que votamos para que Chile tenga una Nueva Constituci\u00f3n, a desplegar todas nuestras energ\u00edas para convencer a los que se abstienen, anulan o votan en blanco; a concurrir a votar por Gabriel Boric, para presidente de Chile.<\/p>\n<p><a href=\"https:\/\/industrialchile.cl\/cl\/wp-content\/uploads\/2021\/12\/boric-sonrie-mascarilla-lienzo-atcomer-1200x675-1.jpg\"><img loading=\"lazy\" decoding=\"async\" class=\"alignnone size-full wp-image-7159\" src=\"https:\/\/industrialchile.cl\/cl\/wp-content\/uploads\/2021\/12\/boric-sonrie-mascarilla-lienzo-atcomer-1200x675-1.jpg\" alt=\"\" width=\"1200\" height=\"675\" srcset=\"https:\/\/industrialchile.cl\/cl\/wp-content\/uploads\/2021\/12\/boric-sonrie-mascarilla-lienzo-atcomer-1200x675-1.jpg 1200w, https:\/\/industrialchile.cl\/cl\/wp-content\/uploads\/2021\/12\/boric-sonrie-mascarilla-lienzo-atcomer-1200x675-1-300x169.jpg 300w, https:\/\/industrialchile.cl\/cl\/wp-content\/uploads\/2021\/12\/boric-sonrie-mascarilla-lienzo-atcomer-1200x675-1-1024x576.jpg 1024w, https:\/\/industrialchile.cl\/cl\/wp-content\/uploads\/2021\/12\/boric-sonrie-mascarilla-lienzo-atcomer-1200x675-1-768x432.jpg 768w\" sizes=\"auto, (max-width: 1200px) 100vw, 1200px\" \/><\/a><\/p>\n<p>Hoy, est\u00e1 en juego todo lo avanzado en nuestra lucha democr\u00e1tica por un pa\u00eds m\u00e1s justo e igualitario; sin discriminaci\u00f3n de G\u00e9nero, con integraci\u00f3n de nuestros pueblos originarios; con Seguridad Ciudadana y respeto a los<br \/>\nDerechos Humanos. Avanzar en un sistema universal de salud; terminar definitivamente con las AFPs y construir un nuevo sistema de seguridad social, con pensiones justas; un nuevo modelo de desarrollo, que potencie la industria nacional, agregue valor a nuestras riquezas b\u00e1sicas y respete el medio ambiente.<\/p>\n<p>Los trabajadores no tenemos otra opci\u00f3n que votar por la democracia. Fueron muchas vidas perdidas, para recuperar una parte de ella, a partir del 11 de Septiembre de 1973, que no olvidaremos jam\u00e1s, algunos estampados en placas a la entrada de nuestras sedes sociales.<\/p>\n<p>El candidato de la ultraderecha, representa lo peor de la de la dictadura de Pinochet, con los miles de asesinados, desaparecidos, torturados, exiliados y encarcelados; y del gobierno de Pi\u00f1era, con su declaraci\u00f3n de guerra al pa\u00eds,<br \/>\ncausante de cientos de muertos, cegados y encarcelados. Adorador del modelo neoliberal, que favorece al 1% m\u00e1s rico, adem\u00e1s de mis\u00f3gino, xenof\u00f3bico y homof\u00f3bico.<\/p>\n<p>Consejo Directivo Nacional de Industrial Chile \u201cCONSTRAMET\u201d<\/p>\n","protected":false},"excerpt":{"rendered":"<p>DECLARACI\u00d3N P\u00daBLICA El Consejo Directivo Nacional de Industrial Chile \u201cCONSTRAMET\u201d, ante el riesgo real y concreto de retroceder en derechos, hacemos un llamado a todos y todas, los que votamos para que Chile tenga una Nueva Constituci\u00f3n, a desplegar todas nuestras energ\u00edas para convencer a los que se abstienen, anulan o votan en blanco; a &hellip;<\/p>\n","protected":false},"author":6,"featured_media":7159,"comment_status":"open","ping_status":"open","sticky":false,"template":"","format":"standard","meta":{"footnotes":""},"categories":[1,184],"tags":[428,396,429,378,427],"class_list":["post-7158","post","type-post","status-publish","format-standard","has-post-thumbnail","","category-noticias","category-portada","tag-boric-presidente","tag-chile","tag-democracia","tag-dignidad","tag-gabriel-boric"],"_links":{"self":[{"href":"https:\/\/industrialchile.cl\/cl\/wp-json\/wp\/v2\/posts\/7158","targetHints":{"allow":["GET"]}}],"collection":[{"href":"https:\/\/industrialchile.cl\/cl\/wp-json\/wp\/v2\/posts"}],"about":[{"href":"https:\/\/industrialchile.cl\/cl\/wp-json\/wp\/v2\/types\/post"}],"author":[{"embeddable":true,"href":"https:\/\/industrialchile.cl\/cl\/wp-json\/wp\/v2\/users\/6"}],"replies":[{"embeddable":true,"href":"https:\/\/industrialchile.cl\/cl\/wp-json\/wp\/v2\/comments?post=7158"}],"version-history":[{"count":1,"href":"https:\/\/industrialchile.cl\/cl\/wp-json\/wp\/v2\/posts\/7158\/revisions"}],"predecessor-version":[{"id":7160,"href":"https:\/\/industrialchile.cl\/cl\/wp-json\/wp\/v2\/posts\/7158\/revisions\/7160"}],"wp:featuredmedia":[{"embeddable":true,"href":"https:\/\/industrialchile.cl\/cl\/wp-json\/wp\/v2\/media\/7159"}],"wp:attachment":[{"href":"https:\/\/industrialchile.cl\/cl\/wp-json\/wp\/v2\/media?parent=7158"}],"wp:term":[{"taxonomy":"category","embeddable":true,"href":"https:\/\/industrialchile.cl\/cl\/wp-json\/wp\/v2\/categories?post=7158"},{"taxonomy":"post_tag","embeddable":true,"href":"https:\/\/industrialchile.cl\/cl\/wp-json\/wp\/v2\/tags?post=7158"}],"curies":[{"name":"wp","href":"https:\/\/api.w.org\/{rel}","templated":true}]}}