{"id":7137,"date":"2021-09-14T10:12:52","date_gmt":"2021-09-14T13:12:52","guid":{"rendered":"https:\/\/industrialchile.cl\/cl\/?p=7137"},"modified":"2022-02-08T14:09:14","modified_gmt":"2022-02-08T17:09:14","slug":"sindicato-de-trabajadores-de-albermale-salar-rechazan-propuesta-de-empresa-por-discriminatoria-y-no-resuelve-las-desigualdades","status":"publish","type":"post","link":"https:\/\/industrialchile.cl\/cl\/sindicato-de-trabajadores-de-albermale-salar-rechazan-propuesta-de-empresa-por-discriminatoria-y-no-resuelve-las-desigualdades\/","title":{"rendered":"Sindicato de trabajadores de Albermale Salar rechazan propuesta de empresa por \u201c discriminatoria y no resuelve las desigualdades\u201d"},"content":{"rendered":"<p style=\"text-align: left;\">El d\u00eda viernes 10 de septiembre, nuestra organizaci\u00f3n ha hablado fuerte y claro en la votaci\u00f3n rechazando de modo rotundo la nueva \u00faltima oferta de la empresa en el marco del art\u00edculo 356 del C\u00f3digo del Trabajo, donde ofrecen lo mismo que en la oferta anterior y la \u00faltima oferta votada con fecha 30 de agosto 2021, todas rechazadas, porque la f\u00f3rmula que ha presentado la empresa es discriminatoria y no busca resolver, las desigualdades de sueldo que existe entre los trabajadores del salar.<\/p>\n<p style=\"text-align: left;\">Siempre hemos luchado por m\u00e1s justicia, para los trabajadores de menores ingresos, de lo cual la empresa no se ha hecho cargo, Esto demuestra que los directivos se encuentran c\u00f3modos, con sueldos inmensamente superiores a los trabajadores de producci\u00f3n.<\/p>\n<p>&nbsp;<\/p>\n<p style=\"text-align: left;\">La comisi\u00f3n negociadora de los trabajadores, as\u00ed, lo hizo saber rechazando esta propuesta y proponiendo una formula, en el mismo bono especial que la empresa propon\u00eda, que este fuera promediado y se pagara en forma igualitaria a todos los trabajadores involucrados, solucionando un conflicto que se arrastra por m\u00e1s de 30 d\u00edas.<\/p>\n<p style=\"text-align: left;\">La empresa durante todo el periodo de la huelga se ha dedicado a realizar acusaciones de violencia y de actos ilegales sin fundamento. En la pr\u00e1ctica, es como el dicho popular \u201cel ladr\u00f3n detr\u00e1s del juez\u201d, es la empresa la que ha incurrido en dichos actos, principalmente atropellando el Convenio 169 de la OIT, que exige por parte de quienes explotan recursos en territorios de pueblos originarios, respetar los derechos de estos pueblos y no como lo ha hecho la empresa, que ha da\u00f1ado el salar rompi\u00e9ndolo con maquinaria pesada y provocado da\u00f1o ambiental y ecol\u00f3gico en contra de la fauna, con el helic\u00f3ptero, donde adem\u00e1s transportaba trabajadores para producir reemplazo de los trabajadores en huelga, lo cual significa una pr\u00e1ctica desleal.<\/p>\n<p style=\"text-align: left;\">Estos hechos han provocado que los pueblos originarios se hayan visto obligados a realizar movilizaciones en repudio a los actos de la empresa.<\/p>\n<p>Todo este actuar de la empresa, denota que no tienen intenciones de llegar a una soluci\u00f3n y solo persiguen eliminar la organizaci\u00f3n de los trabajadores. La comisi\u00f3n negociadora de la empresa equivoc\u00f3 el camino,\u00a0caus\u00e1ndole un grave da\u00f1o a la imagen, de la cual tratan de culparnos. Por el contrario, la justeza de nuestra causa provoca que las comunidades de los pueblos originarios solidaricen con nuestro movimiento, as\u00ed como la comunidad nacional e internacional.<\/p>\n<p style=\"text-align: left;\">\u201cClase trabajadora dormida, No mires para otro lado,\u00a0Pues la lucha que hoy decidas, Constituir\u00e1 tu legado\u201d<br \/>\nSindicato de Trabajadores Albemarle Salar<\/p>\n","protected":false},"excerpt":{"rendered":"<p>El d\u00eda viernes 10 de septiembre, nuestra organizaci\u00f3n ha hablado fuerte y claro en la votaci\u00f3n rechazando de modo rotundo la nueva \u00faltima oferta de la empresa en el marco del art\u00edculo 356 del C\u00f3digo del Trabajo, donde ofrecen lo mismo que en la oferta anterior y la \u00faltima oferta votada con fecha 30 de &hellip;<\/p>\n","protected":false},"author":6,"featured_media":0,"comment_status":"open","ping_status":"open","sticky":false,"template":"","format":"standard","meta":{"footnotes":""},"categories":[166,1,184],"tags":[],"class_list":["post-7137","post","type-post","status-publish","format-standard","","category-1o-de-mayo","category-noticias","category-portada"],"_links":{"self":[{"href":"https:\/\/industrialchile.cl\/cl\/wp-json\/wp\/v2\/posts\/7137","targetHints":{"allow":["GET"]}}],"collection":[{"href":"https:\/\/industrialchile.cl\/cl\/wp-json\/wp\/v2\/posts"}],"about":[{"href":"https:\/\/industrialchile.cl\/cl\/wp-json\/wp\/v2\/types\/post"}],"author":[{"embeddable":true,"href":"https:\/\/industrialchile.cl\/cl\/wp-json\/wp\/v2\/users\/6"}],"replies":[{"embeddable":true,"href":"https:\/\/industrialchile.cl\/cl\/wp-json\/wp\/v2\/comments?post=7137"}],"version-history":[{"count":5,"href":"https:\/\/industrialchile.cl\/cl\/wp-json\/wp\/v2\/posts\/7137\/revisions"}],"predecessor-version":[{"id":7189,"href":"https:\/\/industrialchile.cl\/cl\/wp-json\/wp\/v2\/posts\/7137\/revisions\/7189"}],"wp:attachment":[{"href":"https:\/\/industrialchile.cl\/cl\/wp-json\/wp\/v2\/media?parent=7137"}],"wp:term":[{"taxonomy":"category","embeddable":true,"href":"https:\/\/industrialchile.cl\/cl\/wp-json\/wp\/v2\/categories?post=7137"},{"taxonomy":"post_tag","embeddable":true,"href":"https:\/\/industrialchile.cl\/cl\/wp-json\/wp\/v2\/tags?post=7137"}],"curies":[{"name":"wp","href":"https:\/\/api.w.org\/{rel}","templated":true}]}}