{"id":7052,"date":"2021-03-04T12:42:48","date_gmt":"2021-03-04T15:42:48","guid":{"rendered":"https:\/\/industrialchile.cl\/cl\/?p=7052"},"modified":"2021-03-06T14:23:06","modified_gmt":"2021-03-06T17:23:06","slug":"industrial-chile-constramet-presenta-comando-de-trabajadoras-y-trabajadores-para-la-constituyente","status":"publish","type":"post","link":"https:\/\/industrialchile.cl\/cl\/industrial-chile-constramet-presenta-comando-de-trabajadoras-y-trabajadores-para-la-constituyente\/","title":{"rendered":"Industrial Chile Constramet presenta Comando de Trabajadoras y Trabajadores para la Constituyente"},"content":{"rendered":"<p>Este mi\u00e9rcoles Industrial Chile Constramet present\u00f3 el Comando de Trabajadoras y Trabajadores por la Constituyente, instancia que busca dar a conocer a las y los candidatos a la Constituyentes venidos de las organizaciones sociales y de trabajadores.<\/p>\n<p>El comando agrupa a diferentes sectores pol\u00edticos y sociales comprometidos con las transformaciones y los cambios que la gente ha impulsado a partir de las movilizaciones del 18 de octubre y que son la semilla del proceso constituyente hist\u00f3rico que vive el pa\u00eds.<\/p>\n<p><a href=\"https:\/\/industrialchile.cl\/cl\/wp-content\/uploads\/2021\/03\/Sin-ti\u0301tulo.jpg\"><img loading=\"lazy\" decoding=\"async\" class=\"alignnone size-full wp-image-7053\" src=\"https:\/\/industrialchile.cl\/cl\/wp-content\/uploads\/2021\/03\/Sin-ti\u0301tulo.jpg\" alt=\"\" width=\"3878\" height=\"1609\" srcset=\"https:\/\/industrialchile.cl\/cl\/wp-content\/uploads\/2021\/03\/Sin-ti\u0301tulo.jpg 3878w, https:\/\/industrialchile.cl\/cl\/wp-content\/uploads\/2021\/03\/Sin-ti\u0301tulo-300x124.jpg 300w, https:\/\/industrialchile.cl\/cl\/wp-content\/uploads\/2021\/03\/Sin-ti\u0301tulo-768x319.jpg 768w, https:\/\/industrialchile.cl\/cl\/wp-content\/uploads\/2021\/03\/Sin-ti\u0301tulo-1024x425.jpg 1024w\" sizes=\"auto, (max-width: 3878px) 100vw, 3878px\" \/><\/a><\/p>\n<p>En este sentido el presidente de Industrial Chile Constramet, Horacio Fuentes, se\u00f1al\u00f3 que\u00a0\u00abeste comando viene a reforzar la tarea de difusi\u00f3n de los candidatos y candidatas que vienen del mundo social y sindical. Este comando es amplio para que diferentez organizaciones puedan integrarse, es de suma que los trabajadores tomemos conciencia y la transmitamos para que todo el mundo pueda votar por los candiddatos est\u00e9n dispuestos a tener una nueva constituci\u00f3n que demanda el pueblo de Chile\u00bb.<\/p>\n<p>\u00abLas y los trabajadores estamos dispuestos a dar la lucha del voto a voto para representar el sentir de quienes estamos contra de un modelo que nos excluye. Esto no es una cerrera ganada ante la dispersi\u00f3n que hace de suma importancia aunar esfuerzos para el objetivo de ganar la constituyente\u00bb, recalc\u00f3 Fuentes.<\/p>\n<p>En tanto para la dirigenta de Fenats y encargada de la Secretar\u00eda de Salud de la Central Unitaria de Trabajadores, Karen Palma, se\u00f1al\u00f3 que\u00a0\u00a0\u00abestamos viviendo un momento hist\u00f3rico y lo que est\u00e1 en juego hoy d\u00eda es que se mantenga todo como est\u00e1 o que avancemos a un pa\u00eds de derechos, que es lo que hemos luchado desde el movimiento social. Si no somos capaces de mirar m\u00e1s all\u00e1 a pesar nuestras diferencias y de construir la presencia del mundo sindical en el proceso constituyente es probable que tengamos m\u00e1s de lo mismo. Por eso esta iniciativa es muy importante, el mundo de las trabajadoras y trabajadores quienes son sus candidatos\u00bb.<\/p>\n<p>&nbsp;<\/p>\n<p>&nbsp;<\/p>\n<p>&nbsp;<\/p>\n<p>&nbsp;<\/p>\n<p>&nbsp;<\/p>\n<p>&nbsp;<\/p>\n","protected":false},"excerpt":{"rendered":"<p>Este mi\u00e9rcoles Industrial Chile Constramet present\u00f3 el Comando de Trabajadoras y Trabajadores por la Constituyente, instancia que busca dar a conocer a las y los candidatos a la Constituyentes venidos de las organizaciones sociales y de trabajadores. El comando agrupa a diferentes sectores pol\u00edticos y sociales comprometidos con las transformaciones y los cambios que la &hellip;<\/p>\n","protected":false},"author":6,"featured_media":7053,"comment_status":"open","ping_status":"open","sticky":false,"template":"","format":"standard","meta":{"footnotes":""},"categories":[175,1,184,183,161],"tags":[411,219,418],"class_list":["post-7052","post","type-post","status-publish","format-standard","has-post-thumbnail","","category-contenidos","category-noticias","category-portada","category-reformas","category-zonalcentro","tag-convencion-constitucional","tag-cut","tag-proceso-consttituyente"],"_links":{"self":[{"href":"https:\/\/industrialchile.cl\/cl\/wp-json\/wp\/v2\/posts\/7052","targetHints":{"allow":["GET"]}}],"collection":[{"href":"https:\/\/industrialchile.cl\/cl\/wp-json\/wp\/v2\/posts"}],"about":[{"href":"https:\/\/industrialchile.cl\/cl\/wp-json\/wp\/v2\/types\/post"}],"author":[{"embeddable":true,"href":"https:\/\/industrialchile.cl\/cl\/wp-json\/wp\/v2\/users\/6"}],"replies":[{"embeddable":true,"href":"https:\/\/industrialchile.cl\/cl\/wp-json\/wp\/v2\/comments?post=7052"}],"version-history":[{"count":1,"href":"https:\/\/industrialchile.cl\/cl\/wp-json\/wp\/v2\/posts\/7052\/revisions"}],"predecessor-version":[{"id":7054,"href":"https:\/\/industrialchile.cl\/cl\/wp-json\/wp\/v2\/posts\/7052\/revisions\/7054"}],"wp:featuredmedia":[{"embeddable":true,"href":"https:\/\/industrialchile.cl\/cl\/wp-json\/wp\/v2\/media\/7053"}],"wp:attachment":[{"href":"https:\/\/industrialchile.cl\/cl\/wp-json\/wp\/v2\/media?parent=7052"}],"wp:term":[{"taxonomy":"category","embeddable":true,"href":"https:\/\/industrialchile.cl\/cl\/wp-json\/wp\/v2\/categories?post=7052"},{"taxonomy":"post_tag","embeddable":true,"href":"https:\/\/industrialchile.cl\/cl\/wp-json\/wp\/v2\/tags?post=7052"}],"curies":[{"name":"wp","href":"https:\/\/api.w.org\/{rel}","templated":true}]}}