{"id":7044,"date":"2020-12-31T09:00:52","date_gmt":"2020-12-31T12:00:52","guid":{"rendered":"https:\/\/industrialchile.cl\/cl\/?p=7044"},"modified":"2020-12-31T00:08:03","modified_gmt":"2020-12-31T03:08:03","slug":"industrial-chile-constramet-festeja-sus-40-anos-apuntando-al-proceso-constituyente-las-y-los-trabajadores-deben-ser-protagonistas","status":"publish","type":"post","link":"https:\/\/industrialchile.cl\/cl\/industrial-chile-constramet-festeja-sus-40-anos-apuntando-al-proceso-constituyente-las-y-los-trabajadores-deben-ser-protagonistas\/","title":{"rendered":"Industrial Chile Constramet festeja sus 40 a\u00f1os apuntando al Proceso Constituyente: \u00abLas y los trabajadores deben ser protagonistas\u00bb"},"content":{"rendered":"<p>Este 29 de diciembre\u00a0se conmemoraron los 40 a\u00f1os de la Confederaci\u00f3n de Trabajadores Metal\u00fargicos, fecha en la cual logra recuperar su legalidad tras revertir el decreto de la dictadura que la declar\u00f3 ilegal en 1973. Recordemos que la historia de Industrial Chile Constramet tiene 91 a\u00f1os, desde que en 1929 se levante la primera organizaci\u00f3n de trabajadores de la industria metal\u00fargica y que desde ese momento se ha dedicado por la lucha y defensa de los derechos de las y los trabajadores, ha tenido un rol importante en la articulaci\u00f3n del movimiento obrero y del fortalecimiento de la organizaci\u00f3n sindical de nuestro pa\u00eds.<\/p>\n<p>En esta l\u00ednea, el 40 aniversario de Industrial Chile Constramet nos ubica en el hist\u00f3rico momento constituyente, en el contexto de un a\u00f1o\u00a0\u00a02020 que ha sido duro y donde como trabajadoras y trabajadores pagar los costos de la crisis, por lo que debemos fortalecer nuestra organizaci\u00f3n para defender nuestros derechos.<\/p>\n<p>As\u00ed, el presidente de Industrial Chile Constramet y precandidato a la Convenci\u00f3n Constitucional, Horacio Fuentes, sostuvo que\u00a0\u00a0\u00abeste 2021 tenemos el desaf\u00edo de seguir protagonizando las transformaciones que el pueblo de Chile ha impulsado a trav\u00e9s del proceso constituyente que est\u00e1 pronto a iniciarse y que es la puerta hacia un Chile digno, justo para todos y todas\u00bb. Y\u00a0agreg\u00f3: \u00abla responsabilidad hist\u00f3rica que el pueblo de Chile nos ha puesto sobre nuestro hombros es grande y el movimiento sindical est\u00e1 preparado para resistir los embates y cumplir con las tareas que tenemos\u00bb.<\/p>\n<p>Sobre este tema la presidenta de la CUT, B\u00e1rbara Figueroa -que tambi\u00e9n saludo los 40 a\u00f1os de Industrial Chile Constramet-, destac\u00f3 la propuesta de Nuevo Modelo de Desarrollo levantada desde nuestra organizaci\u00f3n, recalcando que \u00ablo que se disputa en el proceso constituyente es el nuevo modelo de desarrollo que tendr\u00e1 nuestro pa\u00eds, el nuevo modelo de relaciones laborales y saldar la deuda con el mundo del trabajo\u00bb.<\/p>\n<p><iframe loading=\"lazy\" style=\"border: none; overflow: hidden;\" src=\"https:\/\/www.facebook.com\/plugins\/video.php?height=476&amp;href=https%3A%2F%2Fwww.facebook.com%2Fconstramet%2Fvideos%2F1594954207362204%2F&amp;show_text=false&amp;width=267\" width=\"267\" height=\"476\" frameborder=\"0\" scrolling=\"no\" allowfullscreen=\"allowfullscreen\"><\/iframe><\/p>\n","protected":false},"excerpt":{"rendered":"<p>Este 29 de diciembre\u00a0se conmemoraron los 40 a\u00f1os de la Confederaci\u00f3n de Trabajadores Metal\u00fargicos, fecha en la cual logra recuperar su legalidad tras revertir el decreto de la dictadura que la declar\u00f3 ilegal en 1973. Recordemos que la historia de Industrial Chile Constramet tiene 91 a\u00f1os, desde que en 1929 se levante la primera organizaci\u00f3n &hellip;<\/p>\n","protected":false},"author":6,"featured_media":7045,"comment_status":"open","ping_status":"open","sticky":false,"template":"","format":"standard","meta":{"footnotes":""},"categories":[1,184],"tags":[211,411,219,373],"class_list":["post-7044","post","type-post","status-publish","format-standard","has-post-thumbnail","","category-noticias","category-portada","tag-constramet","tag-convencion-constitucional","tag-cut","tag-proceso-constituyente"],"_links":{"self":[{"href":"https:\/\/industrialchile.cl\/cl\/wp-json\/wp\/v2\/posts\/7044","targetHints":{"allow":["GET"]}}],"collection":[{"href":"https:\/\/industrialchile.cl\/cl\/wp-json\/wp\/v2\/posts"}],"about":[{"href":"https:\/\/industrialchile.cl\/cl\/wp-json\/wp\/v2\/types\/post"}],"author":[{"embeddable":true,"href":"https:\/\/industrialchile.cl\/cl\/wp-json\/wp\/v2\/users\/6"}],"replies":[{"embeddable":true,"href":"https:\/\/industrialchile.cl\/cl\/wp-json\/wp\/v2\/comments?post=7044"}],"version-history":[{"count":1,"href":"https:\/\/industrialchile.cl\/cl\/wp-json\/wp\/v2\/posts\/7044\/revisions"}],"predecessor-version":[{"id":7046,"href":"https:\/\/industrialchile.cl\/cl\/wp-json\/wp\/v2\/posts\/7044\/revisions\/7046"}],"wp:featuredmedia":[{"embeddable":true,"href":"https:\/\/industrialchile.cl\/cl\/wp-json\/wp\/v2\/media\/7045"}],"wp:attachment":[{"href":"https:\/\/industrialchile.cl\/cl\/wp-json\/wp\/v2\/media?parent=7044"}],"wp:term":[{"taxonomy":"category","embeddable":true,"href":"https:\/\/industrialchile.cl\/cl\/wp-json\/wp\/v2\/categories?post=7044"},{"taxonomy":"post_tag","embeddable":true,"href":"https:\/\/industrialchile.cl\/cl\/wp-json\/wp\/v2\/tags?post=7044"}],"curies":[{"name":"wp","href":"https:\/\/api.w.org\/{rel}","templated":true}]}}