{"id":6951,"date":"2020-07-15T15:27:41","date_gmt":"2020-07-15T19:27:41","guid":{"rendered":"https:\/\/industrialchile.cl\/cl\/?p=6951"},"modified":"2020-07-15T15:27:41","modified_gmt":"2020-07-15T19:27:41","slug":"industriall-global-constramet-y-retiro-de-fondo-de-pensiones-la-votacion-de-hoy-dejara-de-manifiesto-quienes-quieren-sostener-este-modelo-o-quieren-estar-con-la-gente","status":"publish","type":"post","link":"https:\/\/industrialchile.cl\/cl\/industriall-global-constramet-y-retiro-de-fondo-de-pensiones-la-votacion-de-hoy-dejara-de-manifiesto-quienes-quieren-sostener-este-modelo-o-quieren-estar-con-la-gente\/","title":{"rendered":"Industriall Global Constramet y retiro de fondo de pensiones: \u00abLa votaci\u00f3n de hoy dejar\u00e1 de manifiesto quienes quieren sostener este modelo o quieren estar con la gente\u00bb"},"content":{"rendered":"<p>El presidente de Industrial Chile Constramet, Horacio Fuentes, se refiri\u00f3 a la votaci\u00f3n que este \u00abla importancia radica en que hoy el Congreso puede da un paso para socavar las bases de un sistema de ahorro forzoso, que no da pensiones sino que aporta al mercado de capitales\u00bb, recalcando adem\u00e1s que \u00abes la primera vez que se da una se\u00f1al pol\u00edtica es muy importante. Este es el camino correcto\u00bb.<\/p>\n<p><a href=\"https:\/\/industrialchile.cl\/cl\/wp-content\/uploads\/2020\/07\/unnamed.jpg\"><img loading=\"lazy\" decoding=\"async\" class=\"alignnone size-full wp-image-6952\" src=\"https:\/\/industrialchile.cl\/cl\/wp-content\/uploads\/2020\/07\/unnamed.jpg\" alt=\"\" width=\"512\" height=\"342\" srcset=\"https:\/\/industrialchile.cl\/cl\/wp-content\/uploads\/2020\/07\/unnamed.jpg 512w, https:\/\/industrialchile.cl\/cl\/wp-content\/uploads\/2020\/07\/unnamed-300x200.jpg 300w\" sizes=\"auto, (max-width: 512px) 100vw, 512px\" \/><\/a><\/p>\n<p>\u00abLa reacci\u00f3n del gobierno y los empresarios era esperable, la campa\u00f1a del terror es su principal herramienta\u00bb, dijo Fuentes al referirse por el fuerte lobby ejercido por el empresariado. Al mismo tiempo, sostuvo que \u00abhoy se ha hecho un atentado a la democracia lo que hicieron esta semana, amedrentar a la poblaci\u00f3n. Cuando el sistema democr\u00e1tico avanza en mejores condiciones para este pa\u00eds los empresarios se alertan\u00bb.<\/p>\n<p>Finalmente Horacio Fuentes expres\u00f3 que \u00abes nefasta la actitud del gobierno y los empresarios. La votaci\u00f3n de hoy dejar\u00e1 de manifiesto quienes quieren sostener este modelo o quieren estar con la gente\u00bb.<\/p>\n","protected":false},"excerpt":{"rendered":"<p>El presidente de Industrial Chile Constramet, Horacio Fuentes, se refiri\u00f3 a la votaci\u00f3n que este \u00abla importancia radica en que hoy el Congreso puede da un paso para socavar las bases de un sistema de ahorro forzoso, que no da pensiones sino que aporta al mercado de capitales\u00bb, recalcando adem\u00e1s que \u00abes la primera vez &hellip;<\/p>\n","protected":false},"author":6,"featured_media":6952,"comment_status":"open","ping_status":"open","sticky":false,"template":"","format":"standard","meta":{"footnotes":""},"categories":[1,184],"tags":[162],"class_list":["post-6951","post","type-post","status-publish","format-standard","has-post-thumbnail","","category-noticias","category-portada","tag-afp"],"_links":{"self":[{"href":"https:\/\/industrialchile.cl\/cl\/wp-json\/wp\/v2\/posts\/6951","targetHints":{"allow":["GET"]}}],"collection":[{"href":"https:\/\/industrialchile.cl\/cl\/wp-json\/wp\/v2\/posts"}],"about":[{"href":"https:\/\/industrialchile.cl\/cl\/wp-json\/wp\/v2\/types\/post"}],"author":[{"embeddable":true,"href":"https:\/\/industrialchile.cl\/cl\/wp-json\/wp\/v2\/users\/6"}],"replies":[{"embeddable":true,"href":"https:\/\/industrialchile.cl\/cl\/wp-json\/wp\/v2\/comments?post=6951"}],"version-history":[{"count":1,"href":"https:\/\/industrialchile.cl\/cl\/wp-json\/wp\/v2\/posts\/6951\/revisions"}],"predecessor-version":[{"id":6953,"href":"https:\/\/industrialchile.cl\/cl\/wp-json\/wp\/v2\/posts\/6951\/revisions\/6953"}],"wp:featuredmedia":[{"embeddable":true,"href":"https:\/\/industrialchile.cl\/cl\/wp-json\/wp\/v2\/media\/6952"}],"wp:attachment":[{"href":"https:\/\/industrialchile.cl\/cl\/wp-json\/wp\/v2\/media?parent=6951"}],"wp:term":[{"taxonomy":"category","embeddable":true,"href":"https:\/\/industrialchile.cl\/cl\/wp-json\/wp\/v2\/categories?post=6951"},{"taxonomy":"post_tag","embeddable":true,"href":"https:\/\/industrialchile.cl\/cl\/wp-json\/wp\/v2\/tags?post=6951"}],"curies":[{"name":"wp","href":"https:\/\/api.w.org\/{rel}","templated":true}]}}