{"id":6897,"date":"2020-06-01T09:33:22","date_gmt":"2020-06-01T13:33:22","guid":{"rendered":"https:\/\/industrialchile.cl\/cl\/?p=6897"},"modified":"2020-05-30T22:40:33","modified_gmt":"2020-05-31T02:40:33","slug":"para-que-la-reactivacion-productiva-y-del-empleo-post-covid-19-sea-segura-y-saludable-se-requiere-priorizar-las-politicas-de-seguridad-y-salud-en-el-trabajo","status":"publish","type":"post","link":"https:\/\/industrialchile.cl\/cl\/para-que-la-reactivacion-productiva-y-del-empleo-post-covid-19-sea-segura-y-saludable-se-requiere-priorizar-las-politicas-de-seguridad-y-salud-en-el-trabajo\/","title":{"rendered":"Para que la reactivaci\u00f3n productiva y del empleo post COVID-19 sea segura y saludable, se requiere priorizar las pol\u00edticas de seguridad y salud en el trabajo"},"content":{"rendered":"<p>Priorizar las pol\u00edticas de seguridad y salud en el trabajo para que la reactivaci\u00f3n productiva y del empleo post crisis de la enfermedad del coronavirus (COVID-19) sea segura y saludable, es fundamental y requerir\u00e1 una gesti\u00f3n participativa de la seguridad y salud laboral, con participaci\u00f3n de empleadores y trabajadores, para el cimiento de las pol\u00edticas de retorno, aseguraron hoy la CEPAL y la Organizaci\u00f3n Internacional del Trabajo (OIT) en una nueva publicaci\u00f3n conjunta.<\/p>\n<p>La edici\u00f3n N\u2070 22 del informe\u00a0<a href=\"https:\/\/www.cepal.org\/es\/publicaciones\/45557-coyuntura-laboral-america-latina-caribe-trabajo-tiempos-pandemia-desafios-frente\"><em><strong>Coyuntura Laboral en Am\u00e9rica Latina y el Caribe. El trabajo en tiempos de pandemia: desaf\u00edos frente a la enfermedad por coronavirus (COVID-19)<\/strong><\/em><\/a>\u00a0(mayo de 2020) fue presentada de manera simult\u00e1nea en Santiago de Chile y Lima, Per\u00fa, mediante una conferencia de prensa virtual conjunta encabezada por la Secretaria Ejecutiva de la Comisi\u00f3n Econ\u00f3mica para Am\u00e9rica Latina y el Caribe (CEPAL), Alicia B\u00e1rcena, y el Director Regional de la OIT para Am\u00e9rica Latina y el Caribe, Vin\u00edcius Pinheiro.<\/p>\n<p>Adem\u00e1s de entregar estimaciones sobre la din\u00e1mica del mercado de trabajo en los \u00faltimos meses, el informe conjunto CEPAL-OIT explora algunas de las pol\u00edticas implementadas por los pa\u00edses para proteger el empleo formal, cautelar los ingresos de los trabajadores y trabajadoras en la econom\u00eda formal e informal y proteger al sector productivo.<\/p>\n<p>Seg\u00fan el documento, la implementaci\u00f3n de las pol\u00edticas para la reactivaci\u00f3n requerir\u00e1 de un fuerte componente de formaci\u00f3n y educaci\u00f3n en seguridad y salud para los actores del mundo del trabajo. Para ello son necesarios recursos institucionales y presupuestarios reforzados que garanticen su cumplimiento, y deben incluir buenas pr\u00e1cticas como la puesta en marcha de un protocolo de salud y seguridad en el trabajo que incluya inducci\u00f3n al personal, la adopci\u00f3n de horarios de entrada y salida desfasados para evitar aglomeraciones, rutinas de desinfecci\u00f3n y sistema de lavado de manos, uso obligatorio de mascarillas, y un protocolo en caso de que alg\u00fan trabajador presente s\u00edntomas.<\/p>\n<p>Asimismo, agrega que de prolongarse la crisis por m\u00e1s tiempo, ser\u00e1 necesario una nueva ronda de medidas, orientadas tanto a proteger empleo e ingresos de trabajadores y limitar impacto en las empresas, con un foco especial en grupos vulnerables como los migrantes en situaci\u00f3n no regularizada, trabajadoras dom\u00e9sticas y cuidadores de personas mayores, trabajadores asalariados e independientes informales en sectores cr\u00edticos y trabajadores de la salud en primera l\u00ednea de respuesta frente al COVID-19.<\/p>\n<p><a href=\"https:\/\/industrialchile.cl\/cl\/wp-content\/uploads\/2020\/05\/wcms_745575.jpg\"><img loading=\"lazy\" decoding=\"async\" class=\"alignnone size-full wp-image-6898\" src=\"https:\/\/industrialchile.cl\/cl\/wp-content\/uploads\/2020\/05\/wcms_745575.jpg\" alt=\"\" width=\"767\" height=\"431\" srcset=\"https:\/\/industrialchile.cl\/cl\/wp-content\/uploads\/2020\/05\/wcms_745575.jpg 767w, https:\/\/industrialchile.cl\/cl\/wp-content\/uploads\/2020\/05\/wcms_745575-300x169.jpg 300w\" sizes=\"auto, (max-width: 767px) 100vw, 767px\" \/><\/a><\/p>\n<p>Mirando hacia el futuro, ambos funcionarios de las Naciones Unidas se\u00f1alan que la crisis est\u00e1 empezando a forjar numerosos cambios en el mundo laboral que ser\u00e1n permanentes con el fin de ir hacia una \u201cnormalidad mejor\u201d. \u201cLas pol\u00edticas para la recuperaci\u00f3n deben apuntar no solo a una \u2018nueva normalidad\u2019 similar a la anterior, sino a una \u2018normalidad mejor\u2019 con mayor formalidad, equidad y di\u00e1logo social\u201d, indicaron B\u00e1rcena y Pinheiro.<\/p>\n<p>En materia de coyuntura, CEPAL y OIT indican que la pandemia ha generado fuertes efectos negativos en el mercado de trabajo, con consecuencias en el sector formal (reducci\u00f3n de horas, ca\u00edda de\u00a0 salarios y despidos) e informal (ca\u00edda de empleo por distanciamiento y prohibici\u00f3n de circulaci\u00f3n, menor acceso a compensaciones de ingreso). Asimismo, advierten que las mujeres trabajadoras son las m\u00e1s vulnerables y sectores intensivos en mano de obra como el turismo, comercio, manufactura, inmobiliaria y entretenimiento han sido altamente afectados. Adem\u00e1s, las Micro y Peque\u00f1as Empresas concentran 46,6% del total del empleo en la regi\u00f3n y tienen alto riesgo de experimentar quiebras.<\/p>\n<p>Antes de la pandemia Am\u00e9rica Latina y el Caribe mostraba bajo crecimiento y en el 2020 se espera la peor contracci\u00f3n econ\u00f3mica desde 1930, con una ca\u00edda en el Producto Interno Bruto (PIB) regional estimada de -5,3%, lo que tendr\u00e1 efectos negativos sobre el mercado de trabajo. Se proyecta un aumento de la tasa de desocupaci\u00f3n de al menos 3,4 puntos porcentuales, hasta alcanzar un 11,5%, lo que equivale a m\u00e1s de 11,5 millones de nuevos desempleados. De profundizarse la contracci\u00f3n econ\u00f3mica la tasa de desocupaci\u00f3n ser\u00e1 mayor.<\/p>\n<p>Junto al aumento de la desocupaci\u00f3n, se espera un marcado deterioro de la calidad del empleo, indica el informe. El trabajo informal es la fuente de ingresos de muchos hogares de Am\u00e9rica Latina y el Caribe, donde la tasa media de informalidad es de aproximadamente un 54%, seg\u00fan estimaciones de la OIT, situaci\u00f3n que afecta a los grupos m\u00e1s vulnerables.<\/p>\n<p>En tanto, seg\u00fan c\u00e1lculos de la OIT la crisis sanitaria provocada por el COVID-19 y las medidas de confinamiento provocan una p\u00e9rdida de alrededor del 10,3% de las horas de trabajo en el segundo trimestre de este a\u00f1o, lo que equivale a 31 millones de empleos a tiempo completo (suponiendo una jornada de 40 horas semanales).<\/p>\n<p>Esta situaci\u00f3n afectar\u00e1 negativamente la din\u00e1mica de la pobreza y la desigualdad y el logro de los compromisos de la Agenda 2030, agregan los organismos de la ONU. La CEPAL estima que para el 2020 la tasa de pobreza aumentar\u00eda hasta 4,4 puntos porcentuales y la pobreza extrema 2,6 puntos porcentuales con respecto a 2019. Esto implica que la pobreza alcanzar\u00eda entonces a 34,7% de la poblaci\u00f3n latinoamericana (214,7 millones de personas) y la pobreza extrema a 13% (83,4 millones de personas). Tambi\u00e9n se espera un aumento de la desigualdad en todos los pa\u00edses de la regi\u00f3n, con incrementos del \u00edndice de Gini de entre el 0,5% y el 6,0%.<\/p>\n<p>M\u00e1s all\u00e1 de la pobreza, grandes grupos de poblaci\u00f3n viven en condiciones cr\u00f3nicas de inseguridad econ\u00f3mica y son vulnerables a la p\u00e9rdida de ingresos laborales. De all\u00ed que la CEPAL ha propuesto un ingreso b\u00e1sico de emergencia (IBE) por un monto igual a una l\u00ednea de pobreza durante seis meses para satisfacer necesidades b\u00e1sicas y sostener el consumo de los hogares. Esto supondr\u00eda un gasto adicional del 2,1% del PIB para abarcar a todas las personas que se encontrar\u00e1n en situaci\u00f3n de pobreza en 2020.<\/p>\n<p>En este \u00e1mbito, el objetivo estrat\u00e9gico de largo plazo es la implementaci\u00f3n gradual de un ingreso b\u00e1sico universal, sustentado por mecanismos sostenibles e innovadores de financiamiento, a\u00f1ade la Comisi\u00f3n.<\/p>\n<p>El informe reitera que es necesario repensar el modelo de desarrollo y consolidar las dimensiones econ\u00f3micas, sociales y ambientales del desarrollo sostenible, sin dejar a nadie atr\u00e1s, como lo se\u00f1ala la Agenda 2030 para el Desarrollo Sostenible. Asimismo, en paralelo a las pol\u00edticas laborales se requiere un sistema de protecci\u00f3n social basado en un enfoque de derechos, sensible a las diferencias, con pol\u00edticas universales, redistributivas y solidarias.<\/p>\n","protected":false},"excerpt":{"rendered":"<p>Priorizar las pol\u00edticas de seguridad y salud en el trabajo para que la reactivaci\u00f3n productiva y del empleo post crisis de la enfermedad del coronavirus (COVID-19) sea segura y saludable, es fundamental y requerir\u00e1 una gesti\u00f3n participativa de la seguridad y salud laboral, con participaci\u00f3n de empleadores y trabajadores, para el cimiento de las pol\u00edticas &hellip;<\/p>\n","protected":false},"author":6,"featured_media":6898,"comment_status":"open","ping_status":"open","sticky":false,"template":"","format":"standard","meta":{"footnotes":""},"categories":[1,184],"tags":[],"class_list":["post-6897","post","type-post","status-publish","format-standard","has-post-thumbnail","","category-noticias","category-portada"],"_links":{"self":[{"href":"https:\/\/industrialchile.cl\/cl\/wp-json\/wp\/v2\/posts\/6897","targetHints":{"allow":["GET"]}}],"collection":[{"href":"https:\/\/industrialchile.cl\/cl\/wp-json\/wp\/v2\/posts"}],"about":[{"href":"https:\/\/industrialchile.cl\/cl\/wp-json\/wp\/v2\/types\/post"}],"author":[{"embeddable":true,"href":"https:\/\/industrialchile.cl\/cl\/wp-json\/wp\/v2\/users\/6"}],"replies":[{"embeddable":true,"href":"https:\/\/industrialchile.cl\/cl\/wp-json\/wp\/v2\/comments?post=6897"}],"version-history":[{"count":1,"href":"https:\/\/industrialchile.cl\/cl\/wp-json\/wp\/v2\/posts\/6897\/revisions"}],"predecessor-version":[{"id":6899,"href":"https:\/\/industrialchile.cl\/cl\/wp-json\/wp\/v2\/posts\/6897\/revisions\/6899"}],"wp:featuredmedia":[{"embeddable":true,"href":"https:\/\/industrialchile.cl\/cl\/wp-json\/wp\/v2\/media\/6898"}],"wp:attachment":[{"href":"https:\/\/industrialchile.cl\/cl\/wp-json\/wp\/v2\/media?parent=6897"}],"wp:term":[{"taxonomy":"category","embeddable":true,"href":"https:\/\/industrialchile.cl\/cl\/wp-json\/wp\/v2\/categories?post=6897"},{"taxonomy":"post_tag","embeddable":true,"href":"https:\/\/industrialchile.cl\/cl\/wp-json\/wp\/v2\/tags?post=6897"}],"curies":[{"name":"wp","href":"https:\/\/api.w.org\/{rel}","templated":true}]}}