{"id":6880,"date":"2020-05-18T01:17:26","date_gmt":"2020-05-18T05:17:26","guid":{"rendered":"https:\/\/industrialchile.cl\/cl\/?p=6880"},"modified":"2020-05-18T01:22:54","modified_gmt":"2020-05-18T05:22:54","slug":"6880-2","status":"publish","type":"post","link":"https:\/\/industrialchile.cl\/cl\/6880-2\/","title":{"rendered":"Cuarentena por Covid-19 debe ir acompa\u00f1ada de un plan de protecci\u00f3n de los empleos y salarios que impidan abusos empresariales"},"content":{"rendered":"<p>\u201c<em>No basta con decretar la cuarentena (\u2026) sino que necesitamos acciones eficaces del Gobierno para impedir que esto se transforme en la pol\u00edtica de abuso y de suspensi\u00f3n autoritaria de los contratos y de las jornadas por parte de los empresarios\u201d.<\/em><\/p>\n<p>As\u00ed lo manifest\u00f3\u00a0 la presidenta de la CUT, B\u00e1rbara Figueroa luego que el Gobierno decretara la cuarentena total en 38 comunas de la Regi\u00f3n Metropolitana y en dos de la Regi\u00f3n de Tarapac\u00e1 a partir de las 22 horas de este viernes. La decisi\u00f3n se fundamenta por el explosivo aumento de casos de personas con COVID 19 positivo- en 24 horas superando los 2600 casos- y este jueves, registr\u00e1ndose el mayor n\u00famero de fallecido (22) llegando ya a un saldo de 368 personas muertas por contagio del Coronavirus en el pa\u00eds.<\/p>\n<p>La CUT, luego del anuncio, se pronunci\u00f3 de inmediato a trav\u00e9s de una declaraci\u00f3n transmitida en directo a trav\u00e9s de sus redes sociales, haciendo as\u00ed una pausa en la reuni\u00f3n del Comit\u00e9 Ejecutivo (CE) de la multigremial que se estaba sosteniendo en la sede de la Central este mi\u00e9rcoles. All\u00ed, Figueroa, acompa\u00f1ada por el CE en pleno, junto con recordar que el mundo sindical ya hab\u00eda demandado, desde la segunda quincena de marzo, cuarentena nacional, por lo tanto, se hab\u00eda sido reiterativo en que el Gobierno:\u00a0<em>\u201c\u2026no insistiera en el llamado a la \u00b4nueva normalidad del Plan Retorno\u00b4, porque todos esos anuncios que se hicieron hace dos semanas, han tenido como consecuencia a nuestro juicio, en el aumento de los casos\u201d.<\/em><\/p>\n<p>Y si bien, dijo que esta decisi\u00f3n del Gobierno es parte de lo que se esperaba, fue categ\u00f3rica en se\u00f1alar que: \u201c\u2026<em>no basta con decretar la cuarentena (\u2026) sino que necesitamos acciones eficaces del Gobierno para impedir que esta pr\u00e1ctica se transforme en la pol\u00edtica de abuso y de suspensi\u00f3n autoritaria de los contratos y de las jornadas por parte de los empresarios. No podemos so pretexto de la cuarentena y de la situaci\u00f3n cr\u00edtica que estamos viendo respecto de la pandemia, enfrentar a los trabajadores a la angustia de tener que o resguardar su vida e integridad y cumplir con la cuarentena o tener que, obligadamente, asistir a sus puestos de trabajo, porque de lo contrario los empleadores van a empezar a imponer de manera abusiva la suspensi\u00f3n de la jornada (\u2026)\u00a0 No bastan las medidas sanitarias si estas no vienen acompa\u00f1adas de un plan que garantice los ingresos de los trabajadores y trabajadoras\u201d.<\/em><\/p>\n<p>https:\/\/www.facebook.com\/watch\/live\/?v=301362680855520&#038;ref=watch_permalink<\/p>\n<p>Por lo mismo tambi\u00e9n emplaz\u00f3 a los grandes empresarios \u2013agrupados en la Confederaci\u00f3n del Comercio y la Producci\u00f3n, CPC a que formulen un llamado\u00a0<em>\u201c\u2026a todos los empleadores a que no hagan pr\u00e1cticas abusivas de la suspensi\u00f3n del contrato y que no impongan estos acuerdos unilaterales y autoritarios\u201d.<\/em><\/p>\n<p>As\u00ed tambi\u00e9n, hizo un llamado al Ministerio del Trabajo y a la Direcci\u00f3n del trabajo, DT: \u201c\u2026<em>a que emane, a la brevedad, un dictamen que corrija el dictamen de marzo que hasta el d\u00eda de hoy no ha sido corregido\u201d.\u00a0\u00a0<\/em>Se trata del dictamen de la DT, emanado el 26 de marzo pasado, ante el cual la CUT interpuso una reconsideraci\u00f3n para dejar sin efecto\u00a0el hecho de que se considerara la crisis sanitaria como un\u201d caso fortuito\u201d o de \u201cfuerza mayor\u201d, pues eso permite que el empleador despida sin derecho a indemnizaci\u00f3n.<\/p>\n<p>El 11,5% del total de comunas del pa\u00eds (346) estar\u00e1n, a partir de las 22 horas de este viernes, en cuarentena durante los pr\u00f3ximos d\u00edas. En el caso de las 38 comunas de la Regi\u00f3n Metropolitana (RM) cerca de 6,5 millones de personas quedar\u00e1n bajo la medida de confinamiento total (90% de la poblaci\u00f3n de la RM) A ello se suma la Regi\u00f3n de Tarapac\u00e1, donde se decret\u00f3 igual disposici\u00f3n para las comunas de Iquique y Alto Hospicio, sumando en la regi\u00f3n m\u00e1s de 321 mil personas impactadas.<\/p>\n<p>En la Regi\u00f3n Metropolitana, las 32 comunas que conforman la Provincia de Santiago, quedar\u00e1n en cuarentena: Cerrillos, Cerro Navia, Conchal\u00ed, El Bosque, Estaci\u00f3n Central, Huechuraba, Independencia, La Cisterna, La Florida, La Granja, La Pintana, La Reina, Las Condes, Lo Barnechea, Lo Espejo, Lo Prado, Macul, Maip\u00fa, \u00d1u\u00f1oa, Pedro Aguirre Cerda, Pe\u00f1alol\u00e9n, Providencia, Pudahuel, Quilicura, Quinta Normal, Recoleta, Renca, San Joaqu\u00edn, San Miguel, San Ram\u00f3n, Santiago y Vitacura. A ellas se agregan las comunas de Buin y San Bernardo (Provincia de Maipo) Colina y Lampa (Provincia de Chacabuco) Puente Alto (Provincia de Cordillera) y Padre Hurtado (Provincia de Talagante)<\/p>\n","protected":false},"excerpt":{"rendered":"<p>\u201cNo basta con decretar la cuarentena (\u2026) sino que necesitamos acciones eficaces del Gobierno para impedir que esto se transforme en la pol\u00edtica de abuso y de suspensi\u00f3n autoritaria de los contratos y de las jornadas por parte de los empresarios\u201d. As\u00ed lo manifest\u00f3\u00a0 la presidenta de la CUT, B\u00e1rbara Figueroa luego que el Gobierno &hellip;<\/p>\n","protected":false},"author":6,"featured_media":6881,"comment_status":"open","ping_status":"open","sticky":false,"template":"","format":"standard","meta":{"footnotes":""},"categories":[1,184],"tags":[380,387,219],"class_list":["post-6880","post","type-post","status-publish","format-standard","has-post-thumbnail","","category-noticias","category-portada","tag-covid-19","tag-cuarentena","tag-cut"],"_links":{"self":[{"href":"https:\/\/industrialchile.cl\/cl\/wp-json\/wp\/v2\/posts\/6880","targetHints":{"allow":["GET"]}}],"collection":[{"href":"https:\/\/industrialchile.cl\/cl\/wp-json\/wp\/v2\/posts"}],"about":[{"href":"https:\/\/industrialchile.cl\/cl\/wp-json\/wp\/v2\/types\/post"}],"author":[{"embeddable":true,"href":"https:\/\/industrialchile.cl\/cl\/wp-json\/wp\/v2\/users\/6"}],"replies":[{"embeddable":true,"href":"https:\/\/industrialchile.cl\/cl\/wp-json\/wp\/v2\/comments?post=6880"}],"version-history":[{"count":3,"href":"https:\/\/industrialchile.cl\/cl\/wp-json\/wp\/v2\/posts\/6880\/revisions"}],"predecessor-version":[{"id":6884,"href":"https:\/\/industrialchile.cl\/cl\/wp-json\/wp\/v2\/posts\/6880\/revisions\/6884"}],"wp:featuredmedia":[{"embeddable":true,"href":"https:\/\/industrialchile.cl\/cl\/wp-json\/wp\/v2\/media\/6881"}],"wp:attachment":[{"href":"https:\/\/industrialchile.cl\/cl\/wp-json\/wp\/v2\/media?parent=6880"}],"wp:term":[{"taxonomy":"category","embeddable":true,"href":"https:\/\/industrialchile.cl\/cl\/wp-json\/wp\/v2\/categories?post=6880"},{"taxonomy":"post_tag","embeddable":true,"href":"https:\/\/industrialchile.cl\/cl\/wp-json\/wp\/v2\/tags?post=6880"}],"curies":[{"name":"wp","href":"https:\/\/api.w.org\/{rel}","templated":true}]}}