{"id":6871,"date":"2020-04-28T09:22:58","date_gmt":"2020-04-28T13:22:58","guid":{"rendered":"https:\/\/industrialchile.cl\/cl\/?p=6871"},"modified":"2020-04-29T09:30:53","modified_gmt":"2020-04-29T13:30:53","slug":"ni-el-patron-ni-el-gobierno-te-cuida","status":"publish","type":"post","link":"https:\/\/industrialchile.cl\/cl\/ni-el-patron-ni-el-gobierno-te-cuida\/","title":{"rendered":"NI El Patr\u00f3n NI El Gobierno Te Cuida"},"content":{"rendered":"<p><em>por\u00a0<span style=\"font-weight: 400;\">Horacio Fuentes G.,\u00a0<\/span><span style=\"font-weight: 400;\">Secretaria Salud Ocupacional CUT <\/span><\/em><\/p>\n<p>Para este 28 de abril de acuerdo a la OIT es el d\u00eda mundial de la salud y seguridad en el trabajo, sin embargo, este d\u00eda a diferencia de a\u00f1os anteriores se da en el marco de una pandemia a nivel mundial, por el Covid-19 y nosotros no somos la excepci\u00f3n, somos testigos como en nuestro pa\u00eds los trabajadores y trabajadoras han sido la primera l\u00ednea que enfrenta esta pandemia, sectores importantes de la econom\u00eda como: alimentaci\u00f3n, miner\u00eda, industria, transporte, cadenas de suministros, feriantes, supermercados, farmacias, miner\u00eda, algunos servicios, recolectores de basura y personal de aseo. Todo este ej\u00e9rcito de trabajadores y trabajadoras sale diariamente desafiando el contagio no solo para ellos, sino tambi\u00e9n para su familia en el caso de contraer la enfermedad, porque si la contrae, tendr\u00e1 que luchar para que se le reconozca como enfermedad profesional, ya que, para nosotros no se dict\u00f3 una ley especial en torno a la salud ocupacional que proteja de verdad a trabajadores y trabajadores en tiempos de crisis sanitaria, como la mal llamada ley de protecci\u00f3n del empleo que permite entre otras cosas suspender el contrato y liberar al patr\u00f3n de pagarnos el sueldo, es decir, lo importante para Pi\u00f1era es favorecer el capital por sobre la vida de quienes generamos la riqueza<\/p>\n<p><span style=\"font-weight: 400;\">Punto importante tambi\u00e9n son los trabajadores y trabajadoras de la salud, quienes enfrentan una serie de problemas que no solo ponen en riesgo su salud, y la vida, sino que tambi\u00e9n, tienen que salvar vidas. Tan noble e importante tarea, sin embargo, la poca preocupaci\u00f3n del \u201cpatr\u00f3n\u201d gobierno que tiene que entregar por obligaci\u00f3n los elementos de protecci\u00f3n personal esenciales, no lo ha hecho con la celeridad que se requiere, ni menos un programa de salud mental para estos. Son innumerables los reclamos de las organizaciones sindicales de la salud denunciando al gobierno y ministro de salud por las precarias condiciones de trabajo.<\/span><\/p>\n<p><a href=\"https:\/\/industrialchile.cl\/cl\/wp-content\/uploads\/2020\/04\/3BUU7FUNVBD4JJP4E3KOY2QBYA.jpg\"><img loading=\"lazy\" decoding=\"async\" class=\"alignnone size-full wp-image-6872\" src=\"https:\/\/industrialchile.cl\/cl\/wp-content\/uploads\/2020\/04\/3BUU7FUNVBD4JJP4E3KOY2QBYA.jpg\" alt=\"\" width=\"1200\" height=\"800\" srcset=\"https:\/\/industrialchile.cl\/cl\/wp-content\/uploads\/2020\/04\/3BUU7FUNVBD4JJP4E3KOY2QBYA.jpg 1200w, https:\/\/industrialchile.cl\/cl\/wp-content\/uploads\/2020\/04\/3BUU7FUNVBD4JJP4E3KOY2QBYA-300x200.jpg 300w, https:\/\/industrialchile.cl\/cl\/wp-content\/uploads\/2020\/04\/3BUU7FUNVBD4JJP4E3KOY2QBYA-768x512.jpg 768w, https:\/\/industrialchile.cl\/cl\/wp-content\/uploads\/2020\/04\/3BUU7FUNVBD4JJP4E3KOY2QBYA-1024x683.jpg 1024w\" sizes=\"auto, (max-width: 1200px) 100vw, 1200px\" \/><\/a><\/p>\n<p><span style=\"font-weight: 400;\">Este 28 de abril, d\u00eda internacional de la seguridad y salud en el trabajo, debe servir para ver nuestra realidad en estas materias, como por ejemplo, el 84% de los trabajadores y trabajadoras no se les reconoce su enfermedad profesional o que el 95% de las enfermedades musculo esquel\u00e9ticas son rechazadas, esta ser\u00e1 la misma l\u00f3gica que se aplicar\u00e1 para el reconocimiento del Covid-19 como enfermedad profesional. Ni hablar de los vac\u00edos de la ley del teletrabajo en materia de salud y seguridad, todas \u00e9stas denunciadas desde nuestra central oportunamente. Con este actuar el gobierno empresarial ha dejado de manifiesto que para el modelo la vida de los trabajadores y trabajadoras no es la primera preocupaci\u00f3n, si no muy por el contrario, para el gobierno de los patrones lo importante es la econom\u00eda, es decir, sus ganancias en desmedro de la salud y la vida de millones de trabajadores que hemos sido sometidos al abuso y al despojo de nuestros derechos b\u00e1sicos, como la salud en todas sus dimensiones. Esos mismos son los que nos llaman volver a la normalidad en estas condiciones.<\/span><\/p>\n<p><span style=\"font-weight: 400;\">Como ni el patr\u00f3n ni el gobierno te cuida hacemos un llamado a organizarnos en torno al sindicato para poder resistir en mejores condiciones esta situaci\u00f3n, los comit\u00e9s paritarios junto a los dirigentes sindicales juegan un rol determinante en exigir las condiciones necesarias para desarrollar nuestra labor, debemos continuar exigiendo la cuarentena total como una acci\u00f3n eficaz para evitar el contagio. Y que esta no se transforme en una disyuntiva entre el contagio y la mantenci\u00f3n del salario, por esto es que los patrones tienen que ayudar a pagar la crisis, no es suficiente con que donen dinero y unos cuantos ventiladores mec\u00e1nicos, tiene que haber m\u00e1s compromiso social con los que generamos la riqueza en este pa\u00eds.<\/span><\/p>\n<p><span style=\"font-weight: 400;\">Finalmente, desde la secretaria de salud ocupacional reiteramos nuestro compromiso y defensa por una salud y seguridad en el trabajo que ponga en el centro a las y los trabajadores. Lo m\u00e1s importante para el periodo es que nos cuidemos, por el bien de cada uno y nuestras familias, fuerza y mucha unidad.<\/span><\/p>\n","protected":false},"excerpt":{"rendered":"<p>por\u00a0Horacio Fuentes G.,\u00a0Secretaria Salud Ocupacional CUT Para este 28 de abril de acuerdo a la OIT es el d\u00eda mundial de la salud y seguridad en el trabajo, sin embargo, este d\u00eda a diferencia de a\u00f1os anteriores se da en el marco de una pandemia a nivel mundial, por el Covid-19 y nosotros no somos &hellip;<\/p>\n","protected":false},"author":6,"featured_media":6872,"comment_status":"open","ping_status":"open","sticky":false,"template":"","format":"standard","meta":{"footnotes":""},"categories":[1],"tags":[],"class_list":["post-6871","post","type-post","status-publish","format-standard","has-post-thumbnail","","category-noticias"],"_links":{"self":[{"href":"https:\/\/industrialchile.cl\/cl\/wp-json\/wp\/v2\/posts\/6871","targetHints":{"allow":["GET"]}}],"collection":[{"href":"https:\/\/industrialchile.cl\/cl\/wp-json\/wp\/v2\/posts"}],"about":[{"href":"https:\/\/industrialchile.cl\/cl\/wp-json\/wp\/v2\/types\/post"}],"author":[{"embeddable":true,"href":"https:\/\/industrialchile.cl\/cl\/wp-json\/wp\/v2\/users\/6"}],"replies":[{"embeddable":true,"href":"https:\/\/industrialchile.cl\/cl\/wp-json\/wp\/v2\/comments?post=6871"}],"version-history":[{"count":1,"href":"https:\/\/industrialchile.cl\/cl\/wp-json\/wp\/v2\/posts\/6871\/revisions"}],"predecessor-version":[{"id":6873,"href":"https:\/\/industrialchile.cl\/cl\/wp-json\/wp\/v2\/posts\/6871\/revisions\/6873"}],"wp:featuredmedia":[{"embeddable":true,"href":"https:\/\/industrialchile.cl\/cl\/wp-json\/wp\/v2\/media\/6872"}],"wp:attachment":[{"href":"https:\/\/industrialchile.cl\/cl\/wp-json\/wp\/v2\/media?parent=6871"}],"wp:term":[{"taxonomy":"category","embeddable":true,"href":"https:\/\/industrialchile.cl\/cl\/wp-json\/wp\/v2\/categories?post=6871"},{"taxonomy":"post_tag","embeddable":true,"href":"https:\/\/industrialchile.cl\/cl\/wp-json\/wp\/v2\/tags?post=6871"}],"curies":[{"name":"wp","href":"https:\/\/api.w.org\/{rel}","templated":true}]}}