{"id":6844,"date":"2020-03-23T14:20:04","date_gmt":"2020-03-23T17:20:04","guid":{"rendered":"https:\/\/industrialchile.cl\/cl\/?p=6844"},"modified":"2020-03-23T14:20:04","modified_gmt":"2020-03-23T17:20:04","slug":"covid-19-cut-y-expertos-en-prevencion-de-riesgo-alertan-por-confusas-y-preocupantes-circulares-de-la-suseso","status":"publish","type":"post","link":"https:\/\/industrialchile.cl\/cl\/covid-19-cut-y-expertos-en-prevencion-de-riesgo-alertan-por-confusas-y-preocupantes-circulares-de-la-suseso\/","title":{"rendered":"COVID-19: CUT y expertos en Prevenci\u00f3n de Riesgo alertan por confusas y preocupantes circulares de la SUSESO"},"content":{"rendered":"<p>B\u00e1rbara Figueroa, presidenta de la CUT, y Horacio Fuentes, encargado de Salud de la Central,\u00a0manifestaron su preocupaci\u00f3n por la confusi\u00f3n que est\u00e1n generando entre los trabajadores y trabajadoras, las distintas circulares que la Superintendencia de Seguridad Social (SUSESO) ha emitido en el marco de la emergencia sanitaria cuyo r\u00e1pido avance de la propagaci\u00f3n del Coronavirus en el pa\u00eds, seg\u00fan \u00faltimo reporte, ya deja un balance de 342 personas contagiadas.<\/p>\n<p>\u201cHacemos un llamado a la autoridad respecto de las materias que dicen relaci\u00f3n con la seguridad y salud de los trabajadores, particularmente por la sensaci\u00f3n, preocupaci\u00f3n y confusi\u00f3n que ha generado en los trabajadores y trabajadoras las distintas circulares de la Superintendencia de Seguridad Social que han emanado en estos d\u00edas\u201d.<\/p>\n<p>As\u00ed lo se\u00f1al\u00f3 la presidenta de la CUT, B\u00e1rbara Figueroa en la conferencia de prensa realizada este jueves en la sede de la Central junto a Horacio Fuentes, encargado de la Secretaria de Salud y Seguridad en el Trabajo de la CUT y Alejandro Valdebenito, presidente del Colegio de Expertos en Prevenci\u00f3n de Riesgo.<\/p>\n<p>Figueroa, fue enf\u00e1tica en explicar:\u00a0\u201cEntendemos, en el marco de una crisis sanitaria, que junto con las medidas centrales que se deben tomar desde la autoridad nacional, es importante y fundamental que eso se acompa\u00f1e de las bajadas: \u00bfc\u00f3mo esto (las medidas) se va a aplicar? de tal manera de que no genere ning\u00fan tipo de riesgo asociado o de precarizaci\u00f3n de las condiciones de los trabajadores y trabajadoras. M\u00e1s a\u00fan cuando estamos hablando de una crisis sanitaria a nivel mundial. Es clave y fundamental que las instituciones vinculadas a esta \u00e1rea desde el mundo laboral, jueguen un rol orientador, pero tambi\u00e9n con se\u00f1ales muy claras\u201d.<\/p>\n<p>https:\/\/www.facebook.com\/cut.chile\/videos\/609304966580240\/<\/p>\n<p><strong>Fuentes, denunci\u00f3 que las circulares de la SUSESO sobre el contagio de trabajadores con el Coronavirus: \u201cCaen en ciertas ambig\u00fcedades porque para reconocer como enfermedad profesional el tema del Coronavirus, se exige saber bien la trazabilidad de la enfermedad. Y todos sabemos que la trazabilidad hoy d\u00eda se perdi\u00f3, es imposible\u201d,\u00a0<\/strong>refiri\u00e9ndose a que a esta altura es imposible conocer en qu\u00e9 lugar exacto se contagi\u00f3 una persona (en el trabajo, transporte p\u00fablico, calle, centros comerciales, etc\u00e9tera).<\/p>\n<p>De hecho, en su pronunciamiento del 18 de marzo, la SUSESO consigna: \u201c<strong>Los trabajadores con diagn\u00f3stico de Covid-19 confirmado, que tuvieron contacto estrecho, de acuerdo a las definiciones establecidas por el Ministerio de Salud, con personas por situaciones laborales cuyo diagn\u00f3stico tambi\u00e9n ha sido confirmado (sea este \u00faltimo de origen laboral o com\u00fan) estar\u00e1n cubiertos por las prestaciones de la Ley N\u00ba 16.744 en la medida que sea posible establecer la trazabilidad de origen laboral del contagio. A su vez, en el oficio se complementa la informaci\u00f3n, indicando que \u201cpara poder establecer la trazabilidad de origen laboral de esta enfermedad, se debe poder determinar en qu\u00e9 circunstancias se dio el contagio, es decir, poder definir el c\u00f3mo, cu\u00e1ndo y d\u00f3nde se produjo el contagio\u201d.<\/strong><\/p>\n<ul>\n<li>Revisa ac\u00e1 las ambiguas circulares de la SUSESO para posibles trabajadores contagiados por el Coronavirus y que est\u00e1n cubiertos por el Seguro de Accidentes del Trabajo y Enfermedades Profesionales<\/li>\n<\/ul>\n<p><a href=\"https:\/\/www.suseso.cl\/605\/w3-article-586583.html\">https:\/\/www.suseso.cl\/605\/w3-article-586583.html<\/a><\/p>\n<p><a href=\"https:\/\/www.suseso.cl\/605\/w3-article-586339.html\">https:\/\/www.suseso.cl\/605\/w3-article-586339.html<\/a><\/p>\n<p><a href=\"https:\/\/www.suseso.cl\/612\/w3-article-586139.html\">https:\/\/www.suseso.cl\/612\/w3-article-586139.html<\/a><\/p>\n<p>Otro punto que resalt\u00f3 Fuentes, es el Art\u00edculo 184 bis del C\u00f3digo del Trabajo, exigiendo que: \u201c\u2026sea aplicado como corresponde y no al libre albedr\u00edo de cada empresario como lo quiera interpretar\u201d.\u00a0\u00a0As\u00ed tambi\u00e9n cuestion\u00f3 que no se est\u00e9 protegiendo, con protocolos claros, a las personas que est\u00e1n trabajando desde sus casas por esta emergencia, colocando como ejemplo un accidente de un trabajador en su casa durante el horario laboral estipulado: \u00bfse califica o no como accidente laboral?, plante\u00f3 Fuentes, destacando que: \u201cDesde nuestro punto de vista, eso tambi\u00e9n corresponde a un accidente laboral\u201d, sin embargo, denunci\u00f3 que:\u00a0\u201cNo hay claridad respecto a eso\u201d.\u00a0Lee ac\u00e1 Art\u00edculo 184 bis del C\u00f3digo del Trabajo<\/p>\n<p><strong><a href=\"https:\/\/www.dt.gob.cl\/legislacion\/1624\/w3-propertyvalue-167967.html\">Lee ac\u00e1 Art\u00edculo 184 bis del C\u00f3digo del Trabajo<\/a><\/strong><\/p>\n<p>En tanto Valdebenito, dijo que tanto la SUSESO como la Direcci\u00f3n del Trabajo:\u00a0\u201cNo han sido lo suficientemente claras para dar se\u00f1ales concretas. Cuando un trabajador est\u00e1 expuesto frecuentemente en contacto con p\u00fablico y por lo tanto tiene un potencial alto de obtener esta enfermedad, debe estar protegido\u201d,\u00a0recordando que:\u00a0\u201cLa ley es tremendamente clara. El Art\u00edculo 184 del C\u00f3digo del Trabajo se manifiesta expresamente que se deben tomar todas y cada una de las medidas preventivas para proteger eficazmente la vida de la persona y son todas, no algunas. Tampoco estamos hablando de inversiones millonarias. Estamos hablando de guantes, mascarillas, de hacer pausas de trabajo para lavado de manos que no va a producir mayores costos a la econom\u00eda\u201d.<\/p>\n<p>Asimismo, formul\u00f3 un llamado a las mutuales a poner tambi\u00e9n al servicio de esta emergencia toda su infraestructura cl\u00ednica: \u201cSon espacios f\u00edsicos que deben estar al servicio de la seguridad social y no tan solo al cobro de una prima\u201d.\u00a0Es por ello que emplaz\u00f3 al Gobierno a que:\u00a0\u201c\u2026incorpore al Sistema Mutual de manera inmediata a la cobertura de esta enfermedad. Lo que estamos jugando, y es eso lo que debe entender el Gobierno, no es un punto m\u00e1s del Producto Interno Bruto (PIB) lo que estamos jugando es la vida de las personas y si un trabajador muere por esta enfermedad va a ser culpa de este Gobierno\u201d.<\/p>\n","protected":false},"excerpt":{"rendered":"<p>B\u00e1rbara Figueroa, presidenta de la CUT, y Horacio Fuentes, encargado de Salud de la Central,\u00a0manifestaron su preocupaci\u00f3n por la confusi\u00f3n que est\u00e1n generando entre los trabajadores y trabajadoras, las distintas circulares que la Superintendencia de Seguridad Social (SUSESO) ha emitido en el marco de la emergencia sanitaria cuyo r\u00e1pido avance de la propagaci\u00f3n del Coronavirus &hellip;<\/p>\n","protected":false},"author":6,"featured_media":6845,"comment_status":"open","ping_status":"open","sticky":false,"template":"","format":"standard","meta":{"footnotes":""},"categories":[1,184],"tags":[381,380],"class_list":["post-6844","post","type-post","status-publish","format-standard","has-post-thumbnail","","category-noticias","category-portada","tag-corona-virus","tag-covid-19"],"_links":{"self":[{"href":"https:\/\/industrialchile.cl\/cl\/wp-json\/wp\/v2\/posts\/6844","targetHints":{"allow":["GET"]}}],"collection":[{"href":"https:\/\/industrialchile.cl\/cl\/wp-json\/wp\/v2\/posts"}],"about":[{"href":"https:\/\/industrialchile.cl\/cl\/wp-json\/wp\/v2\/types\/post"}],"author":[{"embeddable":true,"href":"https:\/\/industrialchile.cl\/cl\/wp-json\/wp\/v2\/users\/6"}],"replies":[{"embeddable":true,"href":"https:\/\/industrialchile.cl\/cl\/wp-json\/wp\/v2\/comments?post=6844"}],"version-history":[{"count":1,"href":"https:\/\/industrialchile.cl\/cl\/wp-json\/wp\/v2\/posts\/6844\/revisions"}],"predecessor-version":[{"id":6846,"href":"https:\/\/industrialchile.cl\/cl\/wp-json\/wp\/v2\/posts\/6844\/revisions\/6846"}],"wp:featuredmedia":[{"embeddable":true,"href":"https:\/\/industrialchile.cl\/cl\/wp-json\/wp\/v2\/media\/6845"}],"wp:attachment":[{"href":"https:\/\/industrialchile.cl\/cl\/wp-json\/wp\/v2\/media?parent=6844"}],"wp:term":[{"taxonomy":"category","embeddable":true,"href":"https:\/\/industrialchile.cl\/cl\/wp-json\/wp\/v2\/categories?post=6844"},{"taxonomy":"post_tag","embeddable":true,"href":"https:\/\/industrialchile.cl\/cl\/wp-json\/wp\/v2\/tags?post=6844"}],"curies":[{"name":"wp","href":"https:\/\/api.w.org\/{rel}","templated":true}]}}