{"id":6627,"date":"2019-08-15T17:36:19","date_gmt":"2019-08-15T21:36:19","guid":{"rendered":"https:\/\/industrialchile.cl\/cl\/?p=6627"},"modified":"2019-08-15T17:38:09","modified_gmt":"2019-08-15T21:38:09","slug":"jorge-murua-encargado-de-organizacion-de-industrial-chile-constramet-nuestro-desafio-es-ser-una-organizacion-que-atraiga-la-unidad-sindical","status":"publish","type":"post","link":"https:\/\/industrialchile.cl\/cl\/jorge-murua-encargado-de-organizacion-de-industrial-chile-constramet-nuestro-desafio-es-ser-una-organizacion-que-atraiga-la-unidad-sindical\/","title":{"rendered":"Jorge Mur\u00faa, encargado de organizaci\u00f3n de Industrial Chile Constramet: \u00abnuestro desaf\u00edo es ser una organizaci\u00f3n que atraiga la unidad sindical\u00bb&#8230;\u00bb"},"content":{"rendered":"<p>Jorge Mur\u00faa, joven dirigente Industrial Chile Constramet est\u00e1 a cargo desde este a\u00f1o del departamento de Organizaci\u00f3n de la Confederaci\u00f3n\u00a0y explica que \u00abeste departamento es relativamente nuevo, estamos en un segundo per\u00edodo de trabajo de este espacio. Estamos enfocados en encontrarnos con dirigentes y sindicatos base que est\u00e1n vinculados a la Confederaci\u00f3n\u00bb.<\/p>\n<p><strong>\u00abEstamos realizando diferentes instancias de trabajo como son los talleres de capacitaci\u00f3n que desarrollamos cada martes de 15 a 18 horas,<\/strong> a los que est\u00e1n todos y todas invitadas\u00bb, cuenta Mur\u00faa\u00a0quien agrega que\u00a0\u00ab<strong>junto con eso estamos avanzando en una serie de seminarios de car\u00e1cter ramal<\/strong>. Ya tuvimos uno con los laboratorios y ahora estamos organizando uno con los compa\u00f1eros metal\u00fargicos\u00bb.<\/p>\n<p>Una de las tareas importantes del departamento es el organizar la movilizaci\u00f3n de las y los trabajadores que se encuentran afiliados a Industrial Chile Constramet. Y una tarea prioritaria es que<strong> \u00abtenemos una tarea importante de movilizaci\u00f3n con la protesta nacional del 5 de septiembre donde seremos protagonistas en las zonas donde estemos presentes\u00bb.<\/strong><\/p>\n<p><a href=\"https:\/\/industrialchile.cl\/cl\/wp-content\/uploads\/2019\/08\/murua.jpg\"><img loading=\"lazy\" decoding=\"async\" class=\"alignnone size-full wp-image-6629\" src=\"https:\/\/industrialchile.cl\/cl\/wp-content\/uploads\/2019\/08\/murua.jpg\" alt=\"\" width=\"1200\" height=\"901\" srcset=\"https:\/\/industrialchile.cl\/cl\/wp-content\/uploads\/2019\/08\/murua.jpg 1200w, https:\/\/industrialchile.cl\/cl\/wp-content\/uploads\/2019\/08\/murua-300x225.jpg 300w, https:\/\/industrialchile.cl\/cl\/wp-content\/uploads\/2019\/08\/murua-768x577.jpg 768w, https:\/\/industrialchile.cl\/cl\/wp-content\/uploads\/2019\/08\/murua-1024x769.jpg 1024w\" sizes=\"auto, (max-width: 1200px) 100vw, 1200px\" \/><\/a><\/p>\n<p>Adem\u00e1s recalca que <strong>\u00abnuestra meta es articular a todos los miembros de la Confederaci\u00f3n, no podemos estar atomizados para las luchas que tenemos por delante<\/strong>. Debemos ser impulsores de la unidad de todos los trabajadores\u00bb.\u00a0\u00ab<strong>Nuestro desaf\u00edo es ser una organizaci\u00f3n que atraiga la unidad sindical, que es muy importante porque no vemos que exista dos SOFOFA o dos CPC.<\/strong> La unidad sindical es fundamental\u00bb, destaca el dirigente respecto a la necesidad urgente de la unidad de las y los trabajadores.<\/p>\n<p>Finalmente, Mur\u00faa cree que las y los trabajadores son fundamentales para la unidad opositora al gobierno de Sebasti\u00e1n Pi\u00f1era por lo que se\u00f1ala que \u00abestamos levantando un programa que surja de los trabajadores, no sirve la unidad electoral vac\u00eda. <strong>Requerimos un nuevo modelo de desarrollo que debe vincularse con una nueva \u00abindustrializaci\u00f3n del pa\u00eds\u00bb.<\/strong> Esto significa que debemos avanzar en procesos de sindicalizaci\u00f3n, de negociaci\u00f3n colectiva ramal\u00bb.<\/p>\n<p>&nbsp;<\/p>\n<p>&nbsp;<\/p>\n<p>&nbsp;<\/p>\n<p>&nbsp;<\/p>\n","protected":false},"excerpt":{"rendered":"<p>Jorge Mur\u00faa, joven dirigente Industrial Chile Constramet est\u00e1 a cargo desde este a\u00f1o del departamento de Organizaci\u00f3n de la Confederaci\u00f3n\u00a0y explica que \u00abeste departamento es relativamente nuevo, estamos en un segundo per\u00edodo de trabajo de este espacio. Estamos enfocados en encontrarnos con dirigentes y sindicatos base que est\u00e1n vinculados a la Confederaci\u00f3n\u00bb. \u00abEstamos realizando diferentes &hellip;<\/p>\n","protected":false},"author":6,"featured_media":6629,"comment_status":"open","ping_status":"open","sticky":false,"template":"","format":"standard","meta":{"footnotes":""},"categories":[1,184],"tags":[211,351],"class_list":["post-6627","post","type-post","status-publish","format-standard","has-post-thumbnail","","category-noticias","category-portada","tag-constramet","tag-organizacion"],"_links":{"self":[{"href":"https:\/\/industrialchile.cl\/cl\/wp-json\/wp\/v2\/posts\/6627","targetHints":{"allow":["GET"]}}],"collection":[{"href":"https:\/\/industrialchile.cl\/cl\/wp-json\/wp\/v2\/posts"}],"about":[{"href":"https:\/\/industrialchile.cl\/cl\/wp-json\/wp\/v2\/types\/post"}],"author":[{"embeddable":true,"href":"https:\/\/industrialchile.cl\/cl\/wp-json\/wp\/v2\/users\/6"}],"replies":[{"embeddable":true,"href":"https:\/\/industrialchile.cl\/cl\/wp-json\/wp\/v2\/comments?post=6627"}],"version-history":[{"count":3,"href":"https:\/\/industrialchile.cl\/cl\/wp-json\/wp\/v2\/posts\/6627\/revisions"}],"predecessor-version":[{"id":6631,"href":"https:\/\/industrialchile.cl\/cl\/wp-json\/wp\/v2\/posts\/6627\/revisions\/6631"}],"wp:featuredmedia":[{"embeddable":true,"href":"https:\/\/industrialchile.cl\/cl\/wp-json\/wp\/v2\/media\/6629"}],"wp:attachment":[{"href":"https:\/\/industrialchile.cl\/cl\/wp-json\/wp\/v2\/media?parent=6627"}],"wp:term":[{"taxonomy":"category","embeddable":true,"href":"https:\/\/industrialchile.cl\/cl\/wp-json\/wp\/v2\/categories?post=6627"},{"taxonomy":"post_tag","embeddable":true,"href":"https:\/\/industrialchile.cl\/cl\/wp-json\/wp\/v2\/tags?post=6627"}],"curies":[{"name":"wp","href":"https:\/\/api.w.org\/{rel}","templated":true}]}}