{"id":6616,"date":"2019-08-08T15:07:00","date_gmt":"2019-08-08T19:07:00","guid":{"rendered":"https:\/\/industrialchile.cl\/cl\/?p=6616"},"modified":"2019-08-08T15:13:44","modified_gmt":"2019-08-08T19:13:44","slug":"encargada-del-frente-de-mujeres-de-industrial-chile-constramet-debemos-entregar-herramientas-a-las-mujeres-para-defender-sus-derechos","status":"publish","type":"post","link":"https:\/\/industrialchile.cl\/cl\/encargada-del-frente-de-mujeres-de-industrial-chile-constramet-debemos-entregar-herramientas-a-las-mujeres-para-defender-sus-derechos\/","title":{"rendered":"Encargada del Frente de Mujeres de Industrial Chile Constramet: \u00abDebemos entregar herramientas a las mujeres para nuestros derechos\u00bb"},"content":{"rendered":"<p>Ana Millacaris, encargada del Frente de Mujeres de Industrial Chile Constramet, esta semana finaliz\u00f3 el juicio contra la empresa Gesvial SA, la que tiene a su cargo la gesti\u00f3n de los peajes de diferentes autopistas del pa\u00eds, por despido injustificado y pr\u00e1cticas antisindicales.<\/p>\n<p>Finalmente el tribunal fall\u00f3 a favor de la dirigenta teniendo la empresa que cancelar la indemnizaci\u00f3n que se negaba a cancelar. Millacaris sostuvo que su despido fue injustificado y respondi\u00f3 a su labor sindical y, al mismo tiempo, apunta a la direcci\u00f3n del Trabajo: \u00abLa\u00a0DT anul\u00f3 a mi sindicato y la empresa me despidi\u00f3\u201d.<\/p>\n<p><a href=\"https:\/\/industrialchile.cl\/cl\/wp-content\/uploads\/2019\/08\/WhatsApp-Image-2019-08-06-at-13.28.16.jpeg\"><img loading=\"lazy\" decoding=\"async\" class=\"alignnone size-full wp-image-6619\" src=\"https:\/\/industrialchile.cl\/cl\/wp-content\/uploads\/2019\/08\/WhatsApp-Image-2019-08-06-at-13.28.16.jpeg\" alt=\"\" width=\"1280\" height=\"722\" srcset=\"https:\/\/industrialchile.cl\/cl\/wp-content\/uploads\/2019\/08\/WhatsApp-Image-2019-08-06-at-13.28.16.jpeg 1280w, https:\/\/industrialchile.cl\/cl\/wp-content\/uploads\/2019\/08\/WhatsApp-Image-2019-08-06-at-13.28.16-300x169.jpeg 300w, https:\/\/industrialchile.cl\/cl\/wp-content\/uploads\/2019\/08\/WhatsApp-Image-2019-08-06-at-13.28.16-768x433.jpeg 768w, https:\/\/industrialchile.cl\/cl\/wp-content\/uploads\/2019\/08\/WhatsApp-Image-2019-08-06-at-13.28.16-1024x578.jpeg 1024w\" sizes=\"auto, (max-width: 1280px) 100vw, 1280px\" \/><\/a><\/p>\n<p>En este sentido, Ana Millacaris explica que es fundamental trabajar para defender los derechos laborales que hoy son vulnerados y que desde el Frente de Mujer de Constramet \u00abestamos realizando las acciones necesarias para defender a las y los trabajadores.<\/p>\n<p>Por \u00faltimo la dirigenta expres\u00f3 que el Frente de Mujeres de Industrial Chile Constramet ha puesto como prioridad la organizaci\u00f3n y la formaci\u00f3n de las trabajadoras pues \u00abdebemos entregar herramientas a las mujeres para defender sus derechos\u00bb.<\/p>\n","protected":false},"excerpt":{"rendered":"<p>Ana Millacaris, encargada del Frente de Mujeres de Industrial Chile Constramet, esta semana finaliz\u00f3 el juicio contra la empresa Gesvial SA, la que tiene a su cargo la gesti\u00f3n de los peajes de diferentes autopistas del pa\u00eds, por despido injustificado y pr\u00e1cticas antisindicales. Finalmente el tribunal fall\u00f3 a favor de la dirigenta teniendo la empresa &hellip;<\/p>\n","protected":false},"author":6,"featured_media":6619,"comment_status":"open","ping_status":"open","sticky":false,"template":"","format":"standard","meta":{"footnotes":""},"categories":[1,184],"tags":[211,219,343,348],"class_list":["post-6616","post","type-post","status-publish","format-standard","has-post-thumbnail","","category-noticias","category-portada","tag-constramet","tag-cut","tag-direccion-del-trabajo","tag-frente-mujeres"],"_links":{"self":[{"href":"https:\/\/industrialchile.cl\/cl\/wp-json\/wp\/v2\/posts\/6616","targetHints":{"allow":["GET"]}}],"collection":[{"href":"https:\/\/industrialchile.cl\/cl\/wp-json\/wp\/v2\/posts"}],"about":[{"href":"https:\/\/industrialchile.cl\/cl\/wp-json\/wp\/v2\/types\/post"}],"author":[{"embeddable":true,"href":"https:\/\/industrialchile.cl\/cl\/wp-json\/wp\/v2\/users\/6"}],"replies":[{"embeddable":true,"href":"https:\/\/industrialchile.cl\/cl\/wp-json\/wp\/v2\/comments?post=6616"}],"version-history":[{"count":2,"href":"https:\/\/industrialchile.cl\/cl\/wp-json\/wp\/v2\/posts\/6616\/revisions"}],"predecessor-version":[{"id":6621,"href":"https:\/\/industrialchile.cl\/cl\/wp-json\/wp\/v2\/posts\/6616\/revisions\/6621"}],"wp:featuredmedia":[{"embeddable":true,"href":"https:\/\/industrialchile.cl\/cl\/wp-json\/wp\/v2\/media\/6619"}],"wp:attachment":[{"href":"https:\/\/industrialchile.cl\/cl\/wp-json\/wp\/v2\/media?parent=6616"}],"wp:term":[{"taxonomy":"category","embeddable":true,"href":"https:\/\/industrialchile.cl\/cl\/wp-json\/wp\/v2\/categories?post=6616"},{"taxonomy":"post_tag","embeddable":true,"href":"https:\/\/industrialchile.cl\/cl\/wp-json\/wp\/v2\/tags?post=6616"}],"curies":[{"name":"wp","href":"https:\/\/api.w.org\/{rel}","templated":true}]}}