{"id":6607,"date":"2019-08-01T15:26:58","date_gmt":"2019-08-01T19:26:58","guid":{"rendered":"https:\/\/industrialchile.cl\/cl\/?p=6607"},"modified":"2019-08-01T15:26:58","modified_gmt":"2019-08-01T19:26:58","slug":"industrial-chile-constramet-continua-con-sus-talleres-de-capacitacion-a-dirigentes-sindicales","status":"publish","type":"post","link":"https:\/\/industrialchile.cl\/cl\/industrial-chile-constramet-continua-con-sus-talleres-de-capacitacion-a-dirigentes-sindicales\/","title":{"rendered":"Industrial Chile Constramet contin\u00faa con sus talleres de capacitaci\u00f3n a dirigentes sindicales"},"content":{"rendered":"<p>Este martes continu\u00f3 el ciclo de talleres de formaci\u00f3n para dirigentes sindicales, organizado por el departamento de formaci\u00f3n y capacitaci\u00f3n sindical de Industrial Chile Constramet.<\/p>\n<p>La sesi\u00f3n cont\u00f3 con la exposici\u00f3n del presidente de Industrial Chile Constramet, Horacio Fuentes, quien dio cuenta de la situaci\u00f3n de los trabajo de carga pesada y los comit\u00e9s paritarios.<\/p>\n<p>Estos talleres buscan otorgar nuevas herramientas a los dirigentes sindicales que participan, con el fin de que puedan desarrollar de manera integra en su labor de defensa de los derechos laborales.<\/p>\n<p>Durante agosto los talleres continuar\u00e1n, cada martes de 15 a 18.30 horas. Las fechas y temas son los siguientes:<\/p>\n<ul>\n<li>Marco normativo de la igualdad de g\u00e9nero. 6 de agosto<\/li>\n<li>Protecci\u00f3n a la maternidad, la paternidad y vida familiar. La perspectiva de g\u00e9nero en la acci\u00f3n sindical. 13 de agosto<\/li>\n<li>Promoci\u00f3n de la equidad de g\u00e9nero en la negociaci\u00f3n colectiva. Mejores pr\u00e1cticas en Chile. 20 de agosto<\/li>\n<li>Ampliaci\u00f3n de las materias introducidas en la reforma laboral. Acoso sexual en el trabajo, regulaci\u00f3n y nuevos est\u00e1ndares. 27 de agosto<\/li>\n<li>Igualdad Salarial. 3 de septiembre<\/li>\n<\/ul>\n<div id='gallery-1' class='gallery galleryid-6607 gallery-columns-3 gallery-size-thumbnail'><figure class='gallery-item'>\n\t\t\t<div class='gallery-icon landscape'>\n\t\t\t\t<a href='https:\/\/industrialchile.cl\/cl\/industrial-chile-constramet-continua-con-sus-talleres-de-capacitacion-a-dirigentes-sindicales\/img_1148\/'><img loading=\"lazy\" decoding=\"async\" width=\"150\" height=\"150\" src=\"https:\/\/industrialchile.cl\/cl\/wp-content\/uploads\/2019\/08\/IMG_1148-150x150.jpg\" class=\"attachment-thumbnail size-thumbnail\" alt=\"\" \/><\/a>\n\t\t\t<\/div><\/figure><figure class='gallery-item'>\n\t\t\t<div class='gallery-icon landscape'>\n\t\t\t\t<a href='https:\/\/industrialchile.cl\/cl\/industrial-chile-constramet-continua-con-sus-talleres-de-capacitacion-a-dirigentes-sindicales\/img_1147\/'><img loading=\"lazy\" decoding=\"async\" width=\"150\" height=\"150\" src=\"https:\/\/industrialchile.cl\/cl\/wp-content\/uploads\/2019\/08\/IMG_1147-150x150.jpg\" class=\"attachment-thumbnail size-thumbnail\" alt=\"\" \/><\/a>\n\t\t\t<\/div><\/figure><figure class='gallery-item'>\n\t\t\t<div class='gallery-icon landscape'>\n\t\t\t\t<a href='https:\/\/industrialchile.cl\/cl\/industrial-chile-constramet-continua-con-sus-talleres-de-capacitacion-a-dirigentes-sindicales\/img_1145\/'><img loading=\"lazy\" decoding=\"async\" width=\"150\" height=\"150\" src=\"https:\/\/industrialchile.cl\/cl\/wp-content\/uploads\/2019\/08\/IMG_1145-150x150.jpg\" class=\"attachment-thumbnail size-thumbnail\" alt=\"\" \/><\/a>\n\t\t\t<\/div><\/figure><figure class='gallery-item'>\n\t\t\t<div class='gallery-icon landscape'>\n\t\t\t\t<a href='https:\/\/industrialchile.cl\/cl\/industrial-chile-constramet-continua-con-sus-talleres-de-capacitacion-a-dirigentes-sindicales\/img_1146\/'><img loading=\"lazy\" decoding=\"async\" width=\"150\" height=\"150\" src=\"https:\/\/industrialchile.cl\/cl\/wp-content\/uploads\/2019\/08\/IMG_1146-150x150.jpg\" class=\"attachment-thumbnail size-thumbnail\" alt=\"\" \/><\/a>\n\t\t\t<\/div><\/figure><figure class='gallery-item'>\n\t\t\t<div class='gallery-icon landscape'>\n\t\t\t\t<a href='https:\/\/industrialchile.cl\/cl\/industrial-chile-constramet-continua-con-sus-talleres-de-capacitacion-a-dirigentes-sindicales\/img_1144\/'><img loading=\"lazy\" decoding=\"async\" width=\"150\" height=\"150\" src=\"https:\/\/industrialchile.cl\/cl\/wp-content\/uploads\/2019\/08\/IMG_1144-150x150.jpg\" class=\"attachment-thumbnail size-thumbnail\" alt=\"\" \/><\/a>\n\t\t\t<\/div><\/figure>\n\t\t<\/div>\n\n<p>&nbsp;<\/p>\n<p>&nbsp;<\/p>\n<p>&nbsp;<\/p>\n<p>&nbsp;<\/p>\n","protected":false},"excerpt":{"rendered":"<p>Este martes continu\u00f3 el ciclo de talleres de formaci\u00f3n para dirigentes sindicales, organizado por el departamento de formaci\u00f3n y capacitaci\u00f3n sindical de Industrial Chile Constramet. La sesi\u00f3n cont\u00f3 con la exposici\u00f3n del presidente de Industrial Chile Constramet, Horacio Fuentes, quien dio cuenta de la situaci\u00f3n de los trabajo de carga pesada y los comit\u00e9s paritarios. &hellip;<\/p>\n","protected":false},"author":6,"featured_media":6609,"comment_status":"open","ping_status":"open","sticky":false,"template":"","format":"standard","meta":{"footnotes":""},"categories":[1,184],"tags":[227,211,277],"class_list":["post-6607","post","type-post","status-publish","format-standard","has-post-thumbnail","","category-noticias","category-portada","tag-capacitacion","tag-constramet","tag-industrial-chile"],"_links":{"self":[{"href":"https:\/\/industrialchile.cl\/cl\/wp-json\/wp\/v2\/posts\/6607","targetHints":{"allow":["GET"]}}],"collection":[{"href":"https:\/\/industrialchile.cl\/cl\/wp-json\/wp\/v2\/posts"}],"about":[{"href":"https:\/\/industrialchile.cl\/cl\/wp-json\/wp\/v2\/types\/post"}],"author":[{"embeddable":true,"href":"https:\/\/industrialchile.cl\/cl\/wp-json\/wp\/v2\/users\/6"}],"replies":[{"embeddable":true,"href":"https:\/\/industrialchile.cl\/cl\/wp-json\/wp\/v2\/comments?post=6607"}],"version-history":[{"count":1,"href":"https:\/\/industrialchile.cl\/cl\/wp-json\/wp\/v2\/posts\/6607\/revisions"}],"predecessor-version":[{"id":6614,"href":"https:\/\/industrialchile.cl\/cl\/wp-json\/wp\/v2\/posts\/6607\/revisions\/6614"}],"wp:featuredmedia":[{"embeddable":true,"href":"https:\/\/industrialchile.cl\/cl\/wp-json\/wp\/v2\/media\/6609"}],"wp:attachment":[{"href":"https:\/\/industrialchile.cl\/cl\/wp-json\/wp\/v2\/media?parent=6607"}],"wp:term":[{"taxonomy":"category","embeddable":true,"href":"https:\/\/industrialchile.cl\/cl\/wp-json\/wp\/v2\/categories?post=6607"},{"taxonomy":"post_tag","embeddable":true,"href":"https:\/\/industrialchile.cl\/cl\/wp-json\/wp\/v2\/tags?post=6607"}],"curies":[{"name":"wp","href":"https:\/\/api.w.org\/{rel}","templated":true}]}}