{"id":6509,"date":"2019-05-08T09:42:46","date_gmt":"2019-05-08T13:42:46","guid":{"rendered":"https:\/\/industrialchile.cl\/cl\/?p=6509"},"modified":"2019-05-08T09:42:46","modified_gmt":"2019-05-08T13:42:46","slug":"trabajadores-denuncian-pesimas-condiciones-de-seguridad-e-higiene-en-minera-guanaco","status":"publish","type":"post","link":"https:\/\/industrialchile.cl\/cl\/trabajadores-denuncian-pesimas-condiciones-de-seguridad-e-higiene-en-minera-guanaco\/","title":{"rendered":"Trabajadores denuncian p\u00e9simas condiciones de Seguridad e Higiene en minera Guanaco"},"content":{"rendered":"<p>Los trabajadores de la minera Guanaco, cuyas operaciones de extracci\u00f3n de oro se desarrollan en Tal Tal, denuncian las p\u00e9simas condiciones de seguridad e higiene tanto en sus labores como en los traslados a la faena en buses que no cuentan con las condiciones m\u00ednimas establecidas pro contrato.<\/p>\n<p>Seg\u00fan informan a trav\u00e9s de Facebook, los trabajadores organizados en los sindicatos de Guanaco sostienen que tanto las inseguras condiciones del transporte como del camino son responsabilidad de la empresa y \u00e9sta las ha incumplido: \u00abdespu\u00e9s de una larga licitaci\u00f3n se lo adjudica Tandem, pero el panorama fue peor, ejemplo buses no correspondiente al contrato, falta de sellado y hermeticidad de los buses los cuales transitan por camino de tierra y la poluci\u00f3n interna es extrema, problemas con los recorrido (&#8230;) a esto sumamos lo deplorable del camino, que si bien es cierto es p\u00fablico el camino que une el campamento de Guanaco con la faena Amancaya, Guanaco no tiene ninguna traba legal para reparar de manera integral el camino, de acuerdo a las conversaciones que el sindicato de trabajadores Guanaco sostuvo con el MOP\u00bb.<\/p>\n<p>Junto con lo anterior el dirigente Manuel Guerrero denuncia que\u00a0\u201chemos presentado en la Serie de Salud de Antofagasta los antecedentes para que se tomen las acciones mitigaci\u00f3n de la acci\u00f3n contaminantes de la producci\u00f3n de esta mina de oro. Estamos comprometidos con la lucha para sacar de la empresa a las autoridades que en esta materia son totalmente irresponsables\u201d.<\/p>\n<p class=\"p1\">\u201cLa compa\u00f1\u00eda no ha hecho ning\u00fan esfuerzo para superar esta emergencia sanitaria, que dur\u00f3 por 48 horas a partir de la paralizaci\u00f3n de los dos sindicatos, los que se hicieron cargo de la limpieza de las plantas\u201d, explica el dirigente quien recalca que\u00a0\u201cla Inspecci\u00f3n del Trabajo orden\u00f3 la inspecci\u00f3n por los graves hechos relacionados con las aguas servidas de la planta de tratamiento para el uso operacional de las maquinarias, lo que es altamente contaminante y que es utilizada por los \u2018viejos\u2019 para limpiarse exponi\u00e9ndose a graves infecciones\u201d.<\/p>\n<p>&nbsp;<\/p>\n<p>&nbsp;<\/p>\n<div id='gallery-1' class='gallery galleryid-6509 gallery-columns-3 gallery-size-thumbnail'><figure class='gallery-item'>\n\t\t\t<div class='gallery-icon portrait'>\n\t\t\t\t<a href='https:\/\/industrialchile.cl\/cl\/trabajadores-denuncian-pesimas-condiciones-de-seguridad-e-higiene-en-minera-guanaco\/59781423_2373371862894270_3584681624815534080_n\/'><img loading=\"lazy\" decoding=\"async\" width=\"150\" height=\"150\" src=\"https:\/\/industrialchile.cl\/cl\/wp-content\/uploads\/2019\/05\/59781423_2373371862894270_3584681624815534080_n-150x150.jpg\" class=\"attachment-thumbnail size-thumbnail\" alt=\"\" \/><\/a>\n\t\t\t<\/div><\/figure><figure class='gallery-item'>\n\t\t\t<div class='gallery-icon landscape'>\n\t\t\t\t<a href='https:\/\/industrialchile.cl\/cl\/trabajadores-denuncian-pesimas-condiciones-de-seguridad-e-higiene-en-minera-guanaco\/59792425_2373371832894273_9146270605023117312_n\/'><img loading=\"lazy\" decoding=\"async\" width=\"150\" height=\"150\" src=\"https:\/\/industrialchile.cl\/cl\/wp-content\/uploads\/2019\/05\/59792425_2373371832894273_9146270605023117312_n-150x150.jpg\" class=\"attachment-thumbnail size-thumbnail\" alt=\"\" \/><\/a>\n\t\t\t<\/div><\/figure><figure class='gallery-item'>\n\t\t\t<div class='gallery-icon portrait'>\n\t\t\t\t<a href='https:\/\/industrialchile.cl\/cl\/trabajadores-denuncian-pesimas-condiciones-de-seguridad-e-higiene-en-minera-guanaco\/59934929_2373371906227599_4772904170002841600_n\/'><img loading=\"lazy\" decoding=\"async\" width=\"150\" height=\"150\" src=\"https:\/\/industrialchile.cl\/cl\/wp-content\/uploads\/2019\/05\/59934929_2373371906227599_4772904170002841600_n-150x150.jpg\" class=\"attachment-thumbnail size-thumbnail\" alt=\"\" \/><\/a>\n\t\t\t<\/div><\/figure><figure class='gallery-item'>\n\t\t\t<div class='gallery-icon portrait'>\n\t\t\t\t<a href='https:\/\/industrialchile.cl\/cl\/trabajadores-denuncian-pesimas-condiciones-de-seguridad-e-higiene-en-minera-guanaco\/59984215_2373371926227597_3832176220439576576_n\/'><img loading=\"lazy\" decoding=\"async\" width=\"150\" height=\"150\" src=\"https:\/\/industrialchile.cl\/cl\/wp-content\/uploads\/2019\/05\/59984215_2373371926227597_3832176220439576576_n-150x150.jpg\" class=\"attachment-thumbnail size-thumbnail\" alt=\"\" \/><\/a>\n\t\t\t<\/div><\/figure><figure class='gallery-item'>\n\t\t\t<div class='gallery-icon portrait'>\n\t\t\t\t<a href='https:\/\/industrialchile.cl\/cl\/trabajadores-denuncian-pesimas-condiciones-de-seguridad-e-higiene-en-minera-guanaco\/60013730_2373371856227604_1356452870823608320_n\/'><img loading=\"lazy\" decoding=\"async\" width=\"150\" height=\"150\" src=\"https:\/\/industrialchile.cl\/cl\/wp-content\/uploads\/2019\/05\/60013730_2373371856227604_1356452870823608320_n-150x150.jpg\" class=\"attachment-thumbnail size-thumbnail\" alt=\"\" \/><\/a>\n\t\t\t<\/div><\/figure>\n\t\t<\/div>\n\n","protected":false},"excerpt":{"rendered":"<p>Los trabajadores de la minera Guanaco, cuyas operaciones de extracci\u00f3n de oro se desarrollan en Tal Tal, denuncian las p\u00e9simas condiciones de seguridad e higiene tanto en sus labores como en los traslados a la faena en buses que no cuentan con las condiciones m\u00ednimas establecidas pro contrato. Seg\u00fan informan a trav\u00e9s de Facebook, los &hellip;<\/p>\n","protected":false},"author":6,"featured_media":6512,"comment_status":"open","ping_status":"open","sticky":false,"template":"","format":"standard","meta":{"footnotes":""},"categories":[1,184,159],"tags":[319,320],"class_list":["post-6509","post","type-post","status-publish","format-standard","has-post-thumbnail","","category-noticias","category-portada","category-zonalnorte","tag-contaminacion","tag-guanaco"],"_links":{"self":[{"href":"https:\/\/industrialchile.cl\/cl\/wp-json\/wp\/v2\/posts\/6509","targetHints":{"allow":["GET"]}}],"collection":[{"href":"https:\/\/industrialchile.cl\/cl\/wp-json\/wp\/v2\/posts"}],"about":[{"href":"https:\/\/industrialchile.cl\/cl\/wp-json\/wp\/v2\/types\/post"}],"author":[{"embeddable":true,"href":"https:\/\/industrialchile.cl\/cl\/wp-json\/wp\/v2\/users\/6"}],"replies":[{"embeddable":true,"href":"https:\/\/industrialchile.cl\/cl\/wp-json\/wp\/v2\/comments?post=6509"}],"version-history":[{"count":1,"href":"https:\/\/industrialchile.cl\/cl\/wp-json\/wp\/v2\/posts\/6509\/revisions"}],"predecessor-version":[{"id":6515,"href":"https:\/\/industrialchile.cl\/cl\/wp-json\/wp\/v2\/posts\/6509\/revisions\/6515"}],"wp:featuredmedia":[{"embeddable":true,"href":"https:\/\/industrialchile.cl\/cl\/wp-json\/wp\/v2\/media\/6512"}],"wp:attachment":[{"href":"https:\/\/industrialchile.cl\/cl\/wp-json\/wp\/v2\/media?parent=6509"}],"wp:term":[{"taxonomy":"category","embeddable":true,"href":"https:\/\/industrialchile.cl\/cl\/wp-json\/wp\/v2\/categories?post=6509"},{"taxonomy":"post_tag","embeddable":true,"href":"https:\/\/industrialchile.cl\/cl\/wp-json\/wp\/v2\/tags?post=6509"}],"curies":[{"name":"wp","href":"https:\/\/api.w.org\/{rel}","templated":true}]}}