{"id":6460,"date":"2019-03-20T00:15:09","date_gmt":"2019-03-20T03:15:09","guid":{"rendered":"https:\/\/industrialchile.cl\/cl\/?p=6460"},"modified":"2019-03-20T00:15:09","modified_gmt":"2019-03-20T03:15:09","slug":"se-inician-talleres-de-capacitacion-industrial-chile-constramet","status":"publish","type":"post","link":"https:\/\/industrialchile.cl\/cl\/se-inician-talleres-de-capacitacion-industrial-chile-constramet\/","title":{"rendered":"Se inician talleres de capacitaci\u00f3n Industrial Chile Constramet"},"content":{"rendered":"<p>Este martes 19 se dio inicio a los ciclos de Formaci\u00f3n y Capacitaci\u00f3n que Industrial Chile Constramet lleva a cabo para dirigentes sindicales y trabajadores. La primera jornada del taller se centr\u00f3 en el tema de \u00abF\u00f3rmulas de Remuneraci\u00f3n\u00bb y cont\u00f3 con la asistencia de m\u00e1s de 50 participantes.<\/p>\n<p>Los talleres de capacitaci\u00f3n son parte de las\u00a0tareas principales\u00a0de Industrial Chile Constramet con el fin de dotar a dirigentes sindicales y trabajadores de las herramientas que permitan defender sus derechos laborales. M\u00e1s a\u00fan considerando la agenda regresiva que el actual gobierno est\u00e1 desarrollando hacia el mundo del trabajo.<\/p>\n<p>Los talleres son dirigidos y expuestos por el compa\u00f1ero Roberto Bustamante, encargado de Capacitaci\u00f3n y Formaci\u00f3n de Industrial Chile Constramet, qui\u00e9n se\u00f1al\u00f3 que \u00abdebemos las y los trabajadores estar en permanente proceso de educaci\u00f3n sindical y laboral, tener claro cuales son nuestros derechos y como defenderlos. Es muy importante que todas y todos comprendamos la importancia de este proceso\u00bb.<\/p>\n<p>Los talleres se desarrollar\u00e1n todos los martes en la sede de Industrial Chile Constramet, ubicada en Santa Rosa 101, metro Santa Luc\u00eda.<\/p>\n<div id='gallery-1' class='gallery galleryid-6460 gallery-columns-3 gallery-size-thumbnail'><figure class='gallery-item'>\n\t\t\t<div class='gallery-icon landscape'>\n\t\t\t\t<a href='https:\/\/industrialchile.cl\/cl\/se-inician-talleres-de-capacitacion-industrial-chile-constramet\/taller-constra-1-1903\/'><img loading=\"lazy\" decoding=\"async\" width=\"150\" height=\"150\" src=\"https:\/\/industrialchile.cl\/cl\/wp-content\/uploads\/2019\/03\/taller-constra-1-1903-150x150.jpeg\" class=\"attachment-thumbnail size-thumbnail\" alt=\"\" \/><\/a>\n\t\t\t<\/div><\/figure><figure class='gallery-item'>\n\t\t\t<div class='gallery-icon landscape'>\n\t\t\t\t<a href='https:\/\/industrialchile.cl\/cl\/se-inician-talleres-de-capacitacion-industrial-chile-constramet\/taller-constra-1-1903-2\/'><img loading=\"lazy\" decoding=\"async\" width=\"150\" height=\"150\" src=\"https:\/\/industrialchile.cl\/cl\/wp-content\/uploads\/2019\/03\/taller-constra-1-1903-2-150x150.jpeg\" class=\"attachment-thumbnail size-thumbnail\" alt=\"\" \/><\/a>\n\t\t\t<\/div><\/figure><figure class='gallery-item'>\n\t\t\t<div class='gallery-icon landscape'>\n\t\t\t\t<a href='https:\/\/industrialchile.cl\/cl\/se-inician-talleres-de-capacitacion-industrial-chile-constramet\/taller-constra-1-1903-3\/'><img loading=\"lazy\" decoding=\"async\" width=\"150\" height=\"150\" src=\"https:\/\/industrialchile.cl\/cl\/wp-content\/uploads\/2019\/03\/taller-constra-1-1903-3-150x150.jpeg\" class=\"attachment-thumbnail size-thumbnail\" alt=\"\" \/><\/a>\n\t\t\t<\/div><\/figure><figure class='gallery-item'>\n\t\t\t<div class='gallery-icon landscape'>\n\t\t\t\t<a href='https:\/\/industrialchile.cl\/cl\/se-inician-talleres-de-capacitacion-industrial-chile-constramet\/taller-constra-1-1903-4\/'><img loading=\"lazy\" decoding=\"async\" width=\"150\" height=\"150\" src=\"https:\/\/industrialchile.cl\/cl\/wp-content\/uploads\/2019\/03\/taller-constra-1-1903-4-150x150.jpeg\" class=\"attachment-thumbnail size-thumbnail\" alt=\"\" \/><\/a>\n\t\t\t<\/div><\/figure>\n\t\t<\/div>\n\n<p>&nbsp;<\/p>\n","protected":false},"excerpt":{"rendered":"<p>Este martes 19 se dio inicio a los ciclos de Formaci\u00f3n y Capacitaci\u00f3n que Industrial Chile Constramet lleva a cabo para dirigentes sindicales y trabajadores. La primera jornada del taller se centr\u00f3 en el tema de \u00abF\u00f3rmulas de Remuneraci\u00f3n\u00bb y cont\u00f3 con la asistencia de m\u00e1s de 50 participantes. Los talleres de capacitaci\u00f3n son parte &hellip;<\/p>\n","protected":false},"author":6,"featured_media":6464,"comment_status":"open","ping_status":"open","sticky":false,"template":"","format":"standard","meta":{"footnotes":""},"categories":[1,184,161],"tags":[227,315,314],"class_list":["post-6460","post","type-post","status-publish","format-standard","has-post-thumbnail","","category-noticias","category-portada","category-zonalcentro","tag-capacitacion","tag-derechos-laborales","tag-formacion"],"_links":{"self":[{"href":"https:\/\/industrialchile.cl\/cl\/wp-json\/wp\/v2\/posts\/6460","targetHints":{"allow":["GET"]}}],"collection":[{"href":"https:\/\/industrialchile.cl\/cl\/wp-json\/wp\/v2\/posts"}],"about":[{"href":"https:\/\/industrialchile.cl\/cl\/wp-json\/wp\/v2\/types\/post"}],"author":[{"embeddable":true,"href":"https:\/\/industrialchile.cl\/cl\/wp-json\/wp\/v2\/users\/6"}],"replies":[{"embeddable":true,"href":"https:\/\/industrialchile.cl\/cl\/wp-json\/wp\/v2\/comments?post=6460"}],"version-history":[{"count":1,"href":"https:\/\/industrialchile.cl\/cl\/wp-json\/wp\/v2\/posts\/6460\/revisions"}],"predecessor-version":[{"id":6465,"href":"https:\/\/industrialchile.cl\/cl\/wp-json\/wp\/v2\/posts\/6460\/revisions\/6465"}],"wp:featuredmedia":[{"embeddable":true,"href":"https:\/\/industrialchile.cl\/cl\/wp-json\/wp\/v2\/media\/6464"}],"wp:attachment":[{"href":"https:\/\/industrialchile.cl\/cl\/wp-json\/wp\/v2\/media?parent=6460"}],"wp:term":[{"taxonomy":"category","embeddable":true,"href":"https:\/\/industrialchile.cl\/cl\/wp-json\/wp\/v2\/categories?post=6460"},{"taxonomy":"post_tag","embeddable":true,"href":"https:\/\/industrialchile.cl\/cl\/wp-json\/wp\/v2\/tags?post=6460"}],"curies":[{"name":"wp","href":"https:\/\/api.w.org\/{rel}","templated":true}]}}