{"id":6449,"date":"2019-03-12T01:03:56","date_gmt":"2019-03-12T04:03:56","guid":{"rendered":"https:\/\/industrialchile.cl\/cl\/?p=6449"},"modified":"2019-03-12T01:03:56","modified_gmt":"2019-03-12T04:03:56","slug":"huelga-general-feminista-masiva-transversal-e-historica-marcha-del-8-de-marzo","status":"publish","type":"post","link":"https:\/\/industrialchile.cl\/cl\/huelga-general-feminista-masiva-transversal-e-historica-marcha-del-8-de-marzo\/","title":{"rendered":"Huelga General Feminista: Masiva, transversal e hist\u00f3rica marcha del 8 de Marzo"},"content":{"rendered":"<p style=\"text-align: justify;\">Bajo la consigna transversal: \u00a1Contra la precarizaci\u00f3n de la vida, mujeres trabajadoras en Huelga Feminista!,\u00a0miles de mujeres\u00a0 marcharon a lo largo de todo el pa\u00eds el pasado viernes 8 de marzo en el \u00a0marco de la Huelga General Feminista convocada por la Coordinadora Feminista 8 de Marzo.\u00a0 Solo en Santiago, las organizadoras estimaron en m\u00e1s de 400 mil asistentes los que se tomaron las \u201cgrandes alamedas\u201d.<\/p>\n<p style=\"text-align: justify;\">\u201cMuy contentas de haber sido parte de esta jornada hist\u00f3rica\u201d, dijo la presidenta de la CUT B\u00e1rbara Figueroa quien junto al comit\u00e9 Ejecutivo, consejeros y sindicatos afiliados a la Central, marcharon en Santiago sum\u00e1ndose a la convocatoria para conmemorar el D\u00eda Internacional de la Mujer Trabajadora. En regiones, las CUT provinciales tambi\u00e9n se hicieron presentes.<\/p>\n<p style=\"text-align: justify;\">Amalia Pereira, vicepresidenta nacional de la CUT, se\u00f1al\u00f3 que esto demuestra tambi\u00e9n que \u201cla calle sigue siendo el espacio de las mujeres que luchan exigiendo\u00a0sus derechos. La Central Unitaria de Trabajadores unida en la fraternidad del pueblo unido, de sus trabajadores y trabajadoras\u201d.<\/p>\n<p style=\"text-align: justify;\">Tamara Mu\u00f1oz, vicepresidenta de Relaciones Internacionales de la CUT: \u201cHemos visto como se han volcado a las calles las mujeres reivindicando sus derechos y exigiendo mejoras tanto salariales como en derechos sociales. Felices y contentas de ser parte de esta gran marcha que es bastante trascendente y que va a marcar un hito en la historia\u201d.<\/p>\n<p style=\"text-align: justify;\">Las calles del pa\u00eds, se desbordaron \u00a0con la masiva presencia de mujeres exigiendo igualdad de derechos.\u00a0 En Santiago, la marcha estaba autorizada seguir desde Plaza Italia hasta calle Echaurren solo por la calzada sur de la Alameda. Sin embargo, la presi\u00f3n de la multitud, oblig\u00f3 a Carabineros abrir ambas calzadas.<\/p>\n<p style=\"text-align: justify;\"><a href=\"https:\/\/industrialchile.cl\/cl\/wp-content\/uploads\/2019\/03\/cut1.jpg\"><img loading=\"lazy\" decoding=\"async\" class=\"alignnone size-full wp-image-6450\" src=\"https:\/\/industrialchile.cl\/cl\/wp-content\/uploads\/2019\/03\/cut1.jpg\" alt=\"\" width=\"800\" height=\"445\" srcset=\"https:\/\/industrialchile.cl\/cl\/wp-content\/uploads\/2019\/03\/cut1.jpg 800w, https:\/\/industrialchile.cl\/cl\/wp-content\/uploads\/2019\/03\/cut1-300x167.jpg 300w, https:\/\/industrialchile.cl\/cl\/wp-content\/uploads\/2019\/03\/cut1-768x427.jpg 768w\" sizes=\"auto, (max-width: 800px) 100vw, 800px\" \/><\/a><\/p>\n<p style=\"text-align: justify;\">\u00a1NO + femicidios!\u201d\u00a0y los c\u00e1nticos\u00a0\u201c\u00a1No, no, no\u2026\u00bfqu\u00e9 parte no entendiste la \u00a0N o la O?, y \u201c\u2026nos matan y nos violan y nadie hace nada! \u201d,\u00a0fueron algunos de los gritos que con fuerza se escucharon en las calles de Chile condenando los asesinatos de mujeres por parte de sus parejas o ex parejas, los cuales en lo que va del a\u00f1o, ya suman 11 y 22 los casos de femicidios frustrados.<\/p>\n<p style=\"text-align: justify;\">\u00a1Reivindicaci\u00f3n del trabajo dom\u00e9stico y campesino!\u201d, \u00a1Trabajo digno!\u201d, \u201c\u00a1No m\u00e1s estereotipos en el deporte!\u201d, \u201cFeminismo anticapitalista\u201d, \u201c\u00a1Si estudiamos la misma carrera y tenemos el mismo cargo\u2026\u00bfpor qu\u00e9 nuestros sueldos son distintos?\u201d, \u201c\u00a1Suban las pensiones!\u201d, \u201c\u00a1Muerte a la normalizaci\u00f3n del acoso!\u201d.\u00a0 As\u00ed rezaban algunos de los miles de carteles que enarbolaron durante las marchas en un d\u00eda en que existe coincidencia en calificar de \u201chist\u00f3rico\u201d\u00a0y uno de las jornadas \u201cm\u00e1s masivas de los \u00faltimos a\u00f1os\u201d.<\/p>\n<p style=\"text-align: justify;\">Sobre los desaf\u00edos para reducir la brecha de g\u00e9nero en el mundo del trabajo, Figueroa, enfatiz\u00f3 que:\u00a0\u201cNo podemos entender el desaf\u00edo de superar las desigualdades en nuestros pa\u00eds el mundo si no es de la mano de las desigualdades intra-trabajadores. En nuestro caso, nos golpea de manera muy dura siendo las mujeres quienes percibimos ingresos menores que los varones por igual funci\u00f3n o igual trabajo (\u2026). De \u00a0manera m\u00e1s tard\u00eda nos incorporamos al mundo del trabajo por hacer y asumir las labores de la casa o las que primero nos retiramos del mundo del laboral, porque hay alg\u00fan problema en nuestros hogares. Somos las que no recibimos ninguna remuneraci\u00f3n por las labores de trabajo dom\u00e9stico; hoy est\u00e1 siendo un gran debate a nivel mundial su pago efectivo y su reconocimiento como trabajo. Tambi\u00e9n los derechos inalienables por terminar con la violencia y el acoso en el espacio laboral, no pueden hacernos indiferentes\u201d.<\/p>\n<p style=\"text-align: justify;\">Bajo la consigna transversal: \u00a1Contra la precarizaci\u00f3n de la vida, mujeres trabajadoras en Huelga Feminista!,\u00a0miles de mujeres\u00a0 marcharon a lo largo de todo el pa\u00eds el pasado viernes 8 de marzo en el \u00a0marco de la Huelga General Feminista convocada por la Coordinadora Feminista 8 de Marzo.\u00a0 Solo en Santiago, las organizadoras estimaron en m\u00e1s de 400 mil asistentes los que se tomaron las \u201cgrandes alamedas\u201d.<\/p>\n<p style=\"text-align: justify;\">\u201cMuy contentas de haber sido parte de esta jornada hist\u00f3rica\u201d, dijo la presidenta de la CUT B\u00e1rbara Figueroa quien junto al comit\u00e9 Ejecutivo, consejeros y sindicatos afiliados a la Central, marcharon en Santiago sum\u00e1ndose a la convocatoria para conmemorar el D\u00eda Internacional de la Mujer Trabajadora. En regiones, las CUT provinciales tambi\u00e9n se hicieron presentes.<\/p>\n<p style=\"text-align: justify;\">Amalia Pereira, vicepresidenta nacional de la CUT, se\u00f1al\u00f3 que esto demuestra tambi\u00e9n que \u201cla calle sigue siendo el espacio de las mujeres que luchan exigiendo\u00a0sus derechos. La Central Unitaria de Trabajadores unida en la fraternidad del pueblo unido, de sus trabajadores y trabajadoras\u201d.<\/p>\n<p style=\"text-align: justify;\">Tamara Mu\u00f1oz, vicepresidenta de Relaciones Internacionales de la CUT: \u201cHemos visto como se han volcado a las calles las mujeres reivindicando sus derechos y exigiendo mejoras tanto salariales como en derechos sociales. Felices y contentas de ser parte de esta gran marcha que es bastante trascendente y que va a marcar un hito en la historia\u201d.<\/p>\n<p style=\"text-align: justify;\">Las calles del pa\u00eds, se desbordaron \u00a0con la masiva presencia de mujeres exigiendo igualdad de derechos.\u00a0 En Santiago, la marcha estaba autorizada seguir desde Plaza Italia hasta calle Echaurren solo por la calzada sur de la Alameda. Sin embargo, la presi\u00f3n de la multitud, oblig\u00f3 a Carabineros abrir ambas calzadas.<\/p>\n<p style=\"text-align: justify;\">\u00a1NO + femicidios!\u201d\u00a0y los c\u00e1nticos\u00a0\u201c\u00a1No, no, no\u2026\u00bfqu\u00e9 parte no entendiste la \u00a0N o la O?, y \u201c\u2026nos matan y nos violan y nadie hace nada! \u201d,\u00a0fueron algunos de los gritos que con fuerza se escucharon en las calles de Chile condenando los asesinatos de mujeres por parte de sus parejas o ex parejas, los cuales en lo que va del a\u00f1o, ya suman 11 y 22 los casos de femicidios frustrados.<\/p>\n<p style=\"text-align: justify;\">\u00a1Reivindicaci\u00f3n del trabajo dom\u00e9stico y campesino!\u201d, \u00a1Trabajo digno!\u201d, \u201c\u00a1No m\u00e1s estereotipos en el deporte!\u201d, \u201cFeminismo anticapitalista\u201d, \u201c\u00a1Si estudiamos la misma carrera y tenemos el mismo cargo\u2026\u00bfpor qu\u00e9 nuestros sueldos son distintos?\u201d, \u201c\u00a1Suban las pensiones!\u201d, \u201c\u00a1Muerte a la normalizaci\u00f3n del acoso!\u201d.\u00a0 As\u00ed rezaban algunos de los miles de carteles que enarbolaron durante las marchas en un d\u00eda en que existe coincidencia en calificar de \u201chist\u00f3rico\u201d\u00a0y uno de las jornadas \u201cm\u00e1s masivas de los \u00faltimos a\u00f1os\u201d.<\/p>\n<p style=\"text-align: justify;\">Sobre los desaf\u00edos para reducir la brecha de g\u00e9nero en el mundo del trabajo, Figueroa, enfatiz\u00f3 que:\u00a0\u201cNo podemos entender el desaf\u00edo de superar las desigualdades en nuestros pa\u00eds el mundo si no es de la mano de las desigualdades intra-trabajadores. En nuestro caso, nos golpea de manera muy dura siendo las mujeres quienes percibimos ingresos menores que los varones por igual funci\u00f3n o igual trabajo (\u2026). De \u00a0manera m\u00e1s tard\u00eda nos incorporamos al mundo del trabajo por hacer y asumir las labores de la casa o las que primero nos retiramos del mundo del laboral, porque hay alg\u00fan problema en nuestros hogares. Somos las que no recibimos ninguna remuneraci\u00f3n por las labores de trabajo dom\u00e9stico; hoy est\u00e1 siendo un gran debate a nivel mundial su pago efectivo y su reconocimiento como trabajo. Tambi\u00e9n los derechos inalienables por terminar con la violencia y el acoso en el espacio laboral, no pueden hacernos indiferentes\u201d.<\/p>\n","protected":false},"excerpt":{"rendered":"<p>Bajo la consigna transversal: \u00a1Contra la precarizaci\u00f3n de la vida, mujeres trabajadoras en Huelga Feminista!,\u00a0miles de mujeres\u00a0 marcharon a lo largo de todo el pa\u00eds el pasado viernes 8 de marzo en el \u00a0marco de la Huelga General Feminista convocada por la Coordinadora Feminista 8 de Marzo.\u00a0 Solo en Santiago, las organizadoras estimaron en m\u00e1s &hellip;<\/p>\n","protected":false},"author":6,"featured_media":6450,"comment_status":"open","ping_status":"open","sticky":false,"template":"","format":"standard","meta":{"footnotes":""},"categories":[1,184],"tags":[302,219,304],"class_list":["post-6449","post","type-post","status-publish","format-standard","has-post-thumbnail","","category-noticias","category-portada","tag-8m","tag-cut","tag-huelga-feminista"],"_links":{"self":[{"href":"https:\/\/industrialchile.cl\/cl\/wp-json\/wp\/v2\/posts\/6449","targetHints":{"allow":["GET"]}}],"collection":[{"href":"https:\/\/industrialchile.cl\/cl\/wp-json\/wp\/v2\/posts"}],"about":[{"href":"https:\/\/industrialchile.cl\/cl\/wp-json\/wp\/v2\/types\/post"}],"author":[{"embeddable":true,"href":"https:\/\/industrialchile.cl\/cl\/wp-json\/wp\/v2\/users\/6"}],"replies":[{"embeddable":true,"href":"https:\/\/industrialchile.cl\/cl\/wp-json\/wp\/v2\/comments?post=6449"}],"version-history":[{"count":1,"href":"https:\/\/industrialchile.cl\/cl\/wp-json\/wp\/v2\/posts\/6449\/revisions"}],"predecessor-version":[{"id":6451,"href":"https:\/\/industrialchile.cl\/cl\/wp-json\/wp\/v2\/posts\/6449\/revisions\/6451"}],"wp:featuredmedia":[{"embeddable":true,"href":"https:\/\/industrialchile.cl\/cl\/wp-json\/wp\/v2\/media\/6450"}],"wp:attachment":[{"href":"https:\/\/industrialchile.cl\/cl\/wp-json\/wp\/v2\/media?parent=6449"}],"wp:term":[{"taxonomy":"category","embeddable":true,"href":"https:\/\/industrialchile.cl\/cl\/wp-json\/wp\/v2\/categories?post=6449"},{"taxonomy":"post_tag","embeddable":true,"href":"https:\/\/industrialchile.cl\/cl\/wp-json\/wp\/v2\/tags?post=6449"}],"curies":[{"name":"wp","href":"https:\/\/api.w.org\/{rel}","templated":true}]}}