{"id":6389,"date":"2019-01-20T11:10:15","date_gmt":"2019-01-20T14:10:15","guid":{"rendered":"https:\/\/industrialchile.cl\/cl\/?p=6389"},"modified":"2019-01-25T11:32:33","modified_gmt":"2019-01-25T14:32:33","slug":"cut-convoca-nuevo-paro-nacional-activo-para-el-11-de-abril","status":"publish","type":"post","link":"https:\/\/industrialchile.cl\/cl\/cut-convoca-nuevo-paro-nacional-activo-para-el-11-de-abril\/","title":{"rendered":"CUT convoca nuevo Paro Nacional Activo para el 11 de abril"},"content":{"rendered":"<p>Los miembros del Consejo Directivo Nacional Ampliado (CDNA) de la CUT, aprobaron este viernes, de manera un\u00e1nime, convocar al segundo Paro Nacional Activo que se desarrollar\u00e1 durante el Gobierno de Sebasti\u00e1n Pi\u00f1era.<\/p>\n<p>\u201cUnir todas las luchas sociales por un Chile Justo\u201d, es la consigna unitaria y transversal que nuevamente se gritar\u00e1 fuerte y claro en las calles del pa\u00eds el pr\u00f3ximo jueves 11 de abril\u00a0para expresar, no solo el descontento del mundo sindical \u00a0tambi\u00e9n el descontento de la poblaci\u00f3n en general que vive con angustia c\u00f3mo el crecimiento econ\u00f3mico del pa\u00eds no logra traspasarse a los salarios y que, finalmente, siga siendo la\u00a0 gran mayor\u00eda la que pague el costo de pol\u00edticas de Estado que solo benefician a algunos con el impulso de contrarrerfomas tales como la Laboral, Previsional, Educacional y Tributaria.<\/p>\n<p>Este es un Paro Activo que al igual que el del 8 de noviembre pasado: \u201cNo se limita solo a una demanda o una exigencia de rechazo de los proyectos de ley es, por sobre todo, alzar la voz de los que no se sienten escuchados, de los excluidos, de los que miran con desilusi\u00f3n como los temas que le convocan o sus preocupaciones y temores no son parte de la agenda p\u00fablica y que sienten que si no hacemos algo, no podremos cambiar el rumbo\u201d, dijo la Presidenta B\u00e1rbara Figueroa.<\/p>\n<p>En tanto el secretario General de la CUT, Nolberto D\u00edaz, agreg\u00f3 que: \u201cNosotros sentimos que existe una arremetida anti-sindical y anti-laboral\u00a0 por parte del Gobierno y, \u00a0no solamente en su proyecto de Reforma Laboral sino en su proyecto de Pensiones, en su proyecto de Reforma Tributaria. Por tanto la convocatoria nuestra es a detener la ofensiva contra los trabajadores que lleva este gobierno en conjunto con el empresariado\u201d.<\/p>\n<p><a href=\"https:\/\/industrialchile.cl\/cl\/wp-content\/uploads\/2019\/01\/pactivo.jpg\"><img loading=\"lazy\" decoding=\"async\" class=\"alignnone size-full wp-image-6390\" src=\"https:\/\/industrialchile.cl\/cl\/wp-content\/uploads\/2019\/01\/pactivo.jpg\" alt=\"\" width=\"800\" height=\"445\" srcset=\"https:\/\/industrialchile.cl\/cl\/wp-content\/uploads\/2019\/01\/pactivo.jpg 800w, https:\/\/industrialchile.cl\/cl\/wp-content\/uploads\/2019\/01\/pactivo-300x167.jpg 300w, https:\/\/industrialchile.cl\/cl\/wp-content\/uploads\/2019\/01\/pactivo-768x427.jpg 768w\" sizes=\"auto, (max-width: 800px) 100vw, 800px\" \/><\/a><\/p>\n<p>Adem\u00e1s de acordar el Paro del 11 de abril,\u00a0 en el CDNA se adoptaron varios acuerdos entre ellos, precisa D\u00edaz: \u201cReiterar nuestra preocupaci\u00f3n por la Araucan\u00eda\u00a0 y la solicitud de renuncia del ministro y subsecretario del Interior y de la vocera de Gobierno. Nuestra fuerte preocupaci\u00f3n por Quintero: La CUT adhiere a la declaraci\u00f3n de los habitantes de Quintero\u00a0 en el sentido\u00a0 de no permitir que siga creciendo el parque industrial, particularmente la ampliaci\u00f3n del Muelle de Oxiquim en Quintero. Tambi\u00e9n expresamos nuestra solidaridad y hacer gestiones que ayuden a disminuir los despidos, solidarizando con los sindicatos de Unilever, de ENAP y sindicatos de Medios de comunicaci\u00f3n particularmente los despidos en el Mercurio y solidaridad con el conflicto que se est\u00e1 desatando en la minera El Toqui, en la Regi\u00f3n de Coyhaique, donde una empresa transnacional quiebra en el extranjero, sin embargo las repercusiones son que pierde gente el empleo en nuestro\u00a0pa\u00eds y solidaridad con la situaci\u00f3n de los trabajadores de la \u00a0f\u00e1brica CIC que est\u00e1n en huelga\u201d.<\/p>\n<p>Entre los asistentes a este primer CDNA del a\u00f1o, realizado en la sede de la CUT, estuvo una delegaci\u00f3n de la Organizaci\u00f3n Internacional del Trabajo (OIT), presidida por el propio director Regional de la OIT para Am\u00e9rica Latina y El Caribe, Carlos Rodr\u00edguez y el director de la OIT para el Cono Sur de Am\u00e9rica Latina, Fabio Bertranou. Organismo tripartito que este a\u00f1o celebra su centenario impulsando con fuerza la Justicia social y la promoci\u00f3n del Trabajo decente.<\/p>\n","protected":false},"excerpt":{"rendered":"<p>Los miembros del Consejo Directivo Nacional Ampliado (CDNA) de la CUT, aprobaron este viernes, de manera un\u00e1nime, convocar al segundo Paro Nacional Activo que se desarrollar\u00e1 durante el Gobierno de Sebasti\u00e1n Pi\u00f1era. \u201cUnir todas las luchas sociales por un Chile Justo\u201d, es la consigna unitaria y transversal que nuevamente se gritar\u00e1 fuerte y claro en &hellip;<\/p>\n","protected":false},"author":6,"featured_media":6390,"comment_status":"open","ping_status":"open","sticky":false,"template":"","format":"standard","meta":{"footnotes":""},"categories":[1,184],"tags":[219,295],"class_list":["post-6389","post","type-post","status-publish","format-standard","has-post-thumbnail","","category-noticias","category-portada","tag-cut","tag-paro-activo"],"_links":{"self":[{"href":"https:\/\/industrialchile.cl\/cl\/wp-json\/wp\/v2\/posts\/6389","targetHints":{"allow":["GET"]}}],"collection":[{"href":"https:\/\/industrialchile.cl\/cl\/wp-json\/wp\/v2\/posts"}],"about":[{"href":"https:\/\/industrialchile.cl\/cl\/wp-json\/wp\/v2\/types\/post"}],"author":[{"embeddable":true,"href":"https:\/\/industrialchile.cl\/cl\/wp-json\/wp\/v2\/users\/6"}],"replies":[{"embeddable":true,"href":"https:\/\/industrialchile.cl\/cl\/wp-json\/wp\/v2\/comments?post=6389"}],"version-history":[{"count":1,"href":"https:\/\/industrialchile.cl\/cl\/wp-json\/wp\/v2\/posts\/6389\/revisions"}],"predecessor-version":[{"id":6391,"href":"https:\/\/industrialchile.cl\/cl\/wp-json\/wp\/v2\/posts\/6389\/revisions\/6391"}],"wp:featuredmedia":[{"embeddable":true,"href":"https:\/\/industrialchile.cl\/cl\/wp-json\/wp\/v2\/media\/6390"}],"wp:attachment":[{"href":"https:\/\/industrialchile.cl\/cl\/wp-json\/wp\/v2\/media?parent=6389"}],"wp:term":[{"taxonomy":"category","embeddable":true,"href":"https:\/\/industrialchile.cl\/cl\/wp-json\/wp\/v2\/categories?post=6389"},{"taxonomy":"post_tag","embeddable":true,"href":"https:\/\/industrialchile.cl\/cl\/wp-json\/wp\/v2\/tags?post=6389"}],"curies":[{"name":"wp","href":"https:\/\/api.w.org\/{rel}","templated":true}]}}