{"id":6382,"date":"2019-01-18T09:51:53","date_gmt":"2019-01-18T12:51:53","guid":{"rendered":"https:\/\/industrialchile.cl\/cl\/?p=6382"},"modified":"2019-01-18T09:51:53","modified_gmt":"2019-01-18T12:51:53","slug":"cut-convoca-cdna-informe-ejecutivo-2018-desafios-y-decisiones-2019","status":"publish","type":"post","link":"https:\/\/industrialchile.cl\/cl\/cut-convoca-cdna-informe-ejecutivo-2018-desafios-y-decisiones-2019\/","title":{"rendered":"CUT convoca CDNA: Informe Ejecutivo 2018-Desaf\u00edos y Decisiones 2019"},"content":{"rendered":"<p>Este viernes 18 de enero se desarrollar\u00e1 en la sede de la CUT, un nuevo \u00a0Consejo Directivo Nacional Ampliado (CDNA) con el cual la Central cierra formalmente el a\u00f1o 2018 y abre el debate del programa de acci\u00f3n sindical 2019 en el contexto de su Plataforma de Lucha y Unidad Sindical-Social y Pol\u00edtica: \u201c<em>Construir Poder Social para cambiar Chile\u201d.<\/em><\/p>\n<p>En la oportunidad, la presidenta de la CUT, B\u00e1rbara Figueroa entregar\u00e1 un informe de gesti\u00f3n \u00a02018.\u00a0 El CDNA -sexto del per\u00edodo 2018-2019- comenzar\u00e1 a partir de las 09:30 horas y participar\u00e1n los miembros del Consejo Directivo Nacional (CDN); los presidentes y secretarios de los consejos provinciales y zonales de la CUT; los presidentes y secretarios de las confederaciones, federaciones, sindicatos nacionales, sindicatos de base, asociaciones y de los \u00a0colegios de profesionales afiliados a la Central.<\/p>\n<p>El debate en el CDNA se dar\u00e1 en el marco del inicio de un a\u00f1o en que la tasa de desempleo sigue golpeando fuertemente al pa\u00eds, cuyo Gobierno intenta focalizar la causa en el modelo de las relaciones laborales y no en el modelo econ\u00f3mico-productivo para as\u00ed relativizar a\u00fan m\u00e1s los derechos de los trabajadores y trabajadoras en beneficio de los intereses del empresariado.<\/p>\n<p><a href=\"https:\/\/industrialchile.cl\/cl\/wp-content\/uploads\/2019\/01\/cut.jpg\"><img loading=\"lazy\" decoding=\"async\" class=\"alignnone size-full wp-image-6383\" src=\"https:\/\/industrialchile.cl\/cl\/wp-content\/uploads\/2019\/01\/cut.jpg\" alt=\"\" width=\"800\" height=\"445\" srcset=\"https:\/\/industrialchile.cl\/cl\/wp-content\/uploads\/2019\/01\/cut.jpg 800w, https:\/\/industrialchile.cl\/cl\/wp-content\/uploads\/2019\/01\/cut-300x167.jpg 300w, https:\/\/industrialchile.cl\/cl\/wp-content\/uploads\/2019\/01\/cut-768x427.jpg 768w\" sizes=\"auto, (max-width: 800px) 100vw, 800px\" \/><\/a><\/p>\n<p>La agenda del Presidente de Sebasti\u00e1n Pi\u00f1era pretende imponer su Plan Laboral 2.0 con el eventual env\u00edo de un proyecto de ley\u00a0 que busca no solo mayor flexibilidad y menor estabilidad laboral tambi\u00e9n busca restarle fuerza a la organizaci\u00f3n colectiva de los trabajadores volviendo a colocar en el tapete del debate legislativo temas como las garant\u00edas del derecho a huelga efectiva y la validaci\u00f3n de grupos negociadores.<\/p>\n<p>El af\u00e1n contrarreformista del Gobierno de Pi\u00f1era, no solo ser\u00e1 un retroceso en materia de derechos laborales tambi\u00e9n lo ser\u00e1\u00a0 en derechos sociales. Su proyecto de ley de Reforma Previsional en esencia supone \u201cM\u00e1s AFP\u201d, desoyendo as\u00ed el clamor de la ciudadan\u00eda que ya, fuerte y claro, ha manifestado \u201c\u00a1No m\u00e1s AFP!\u201d. Su proyecto de ley de Reforma Tributaria es regresivo y, desnuda el car\u00e1cter de este Gobierno que refuerza las ganancias del peque\u00f1o porcentaje m\u00e1s rico de este pa\u00eds. Rostro\u00a0 que tambi\u00e9n ha quedado al descubierto cuando al defender su proyecto de ley: \u201cPerfeccionamiento del Sistema de Admisi\u00f3n Escolar, Admisi\u00f3n Justa\u201d, el Presidente Pi\u00f1era dijo que esta es una iniciativa legislativa que: \u201cDa m\u00e1s libertad y flexibilidad para los que est\u00e1n en la\u00a0<u>industria de la educaci\u00f3n<\/u>\u201d.<\/p>\n<p>Es por ello que este a\u00f1o 2019, m\u00e1s que nunca se deben \u201cunir todas las luchas\u201d para enfrentar y poner freno a esta arremetida neoliberal 2.0\u00a0 y defender no solo los avances obtenidos sino luchar en unidad por pol\u00edticas p\u00fablicas que vayan en beneficio de la inmensa mayor\u00eda de los habitantes de este largo y angosto pa\u00eds.<\/p>\n","protected":false},"excerpt":{"rendered":"<p>Este viernes 18 de enero se desarrollar\u00e1 en la sede de la CUT, un nuevo \u00a0Consejo Directivo Nacional Ampliado (CDNA) con el cual la Central cierra formalmente el a\u00f1o 2018 y abre el debate del programa de acci\u00f3n sindical 2019 en el contexto de su Plataforma de Lucha y Unidad Sindical-Social y Pol\u00edtica: \u201cConstruir Poder &hellip;<\/p>\n","protected":false},"author":6,"featured_media":6383,"comment_status":"open","ping_status":"open","sticky":false,"template":"","format":"standard","meta":{"footnotes":""},"categories":[1,184,161],"tags":[219],"class_list":["post-6382","post","type-post","status-publish","format-standard","has-post-thumbnail","","category-noticias","category-portada","category-zonalcentro","tag-cut"],"_links":{"self":[{"href":"https:\/\/industrialchile.cl\/cl\/wp-json\/wp\/v2\/posts\/6382","targetHints":{"allow":["GET"]}}],"collection":[{"href":"https:\/\/industrialchile.cl\/cl\/wp-json\/wp\/v2\/posts"}],"about":[{"href":"https:\/\/industrialchile.cl\/cl\/wp-json\/wp\/v2\/types\/post"}],"author":[{"embeddable":true,"href":"https:\/\/industrialchile.cl\/cl\/wp-json\/wp\/v2\/users\/6"}],"replies":[{"embeddable":true,"href":"https:\/\/industrialchile.cl\/cl\/wp-json\/wp\/v2\/comments?post=6382"}],"version-history":[{"count":1,"href":"https:\/\/industrialchile.cl\/cl\/wp-json\/wp\/v2\/posts\/6382\/revisions"}],"predecessor-version":[{"id":6384,"href":"https:\/\/industrialchile.cl\/cl\/wp-json\/wp\/v2\/posts\/6382\/revisions\/6384"}],"wp:featuredmedia":[{"embeddable":true,"href":"https:\/\/industrialchile.cl\/cl\/wp-json\/wp\/v2\/media\/6383"}],"wp:attachment":[{"href":"https:\/\/industrialchile.cl\/cl\/wp-json\/wp\/v2\/media?parent=6382"}],"wp:term":[{"taxonomy":"category","embeddable":true,"href":"https:\/\/industrialchile.cl\/cl\/wp-json\/wp\/v2\/categories?post=6382"},{"taxonomy":"post_tag","embeddable":true,"href":"https:\/\/industrialchile.cl\/cl\/wp-json\/wp\/v2\/tags?post=6382"}],"curies":[{"name":"wp","href":"https:\/\/api.w.org\/{rel}","templated":true}]}}