{"id":6368,"date":"2019-01-07T23:44:40","date_gmt":"2019-01-08T02:44:40","guid":{"rendered":"https:\/\/industrialchile.cl\/cl\/?p=6368"},"modified":"2019-01-10T23:51:46","modified_gmt":"2019-01-11T02:51:46","slug":"2019-el-ano-de-la-defensa-de-los-derechos-laborales-y-de-la-unidad-de-las-fuerzas-sociales","status":"publish","type":"post","link":"https:\/\/industrialchile.cl\/cl\/2019-el-ano-de-la-defensa-de-los-derechos-laborales-y-de-la-unidad-de-las-fuerzas-sociales\/","title":{"rendered":"2019: El a\u00f1o de la defensa de los derechos laborales (y de la unidad de las fuerzas sociales)"},"content":{"rendered":"<p><em>Por Horacio Fuentes, presidente Confederaci\u00f3n de Trabajadores Metal\u00fargicos (Constramet)<\/em><\/p>\n<p>Durante los \u00faltimos doce meses, con la instalaci\u00f3n del segundo gobierno de Sebasti\u00e1n Pi\u00f1era, se han llevado a cabo una serie de pol\u00edticas que van contra los intereses de los trabajadores y trabajadoras con el fin de dar respuestas a las exigencias del empresariado y los grupos econ\u00f3micos. Podemos decir con certeza que 2018 ha sido el a\u00f1o donde la derecha ha iniciado el proceso de profundizaci\u00f3n del modelo neoliberal y de retroceso en materia de derechos laborales, uni\u00e9ndose a la oleada que vive nuestro continente.<\/p>\n<p>En este tiempo el gobierno ha confirmado que busca restituir un escenario donde los derechos laborales se encuentren restringidos y que los m\u00ednimos avances conseguidos en los \u00faltimos cuatro a\u00f1os se desvanezcan a trav\u00e9s de la precarizaci\u00f3n de las condiciones de las y los trabajadores. Propuestas como el Estatuto Laboral Juvenil, la rebaja en cuatro o seis de la indemnizaci\u00f3n por a\u00f1os de servicio abaratando el despido, entrega facultades a los grupos negociadores para las negociaciones colectivas, se propone revisar los servicios m\u00ednimos en caso de huelga con el fin de anular este derecho y reduciendo el rol de la organizaci\u00f3n sindical o el aumento en la edad de jubilaci\u00f3n son los titulares del plan del gobierno en esta materia y que debe ponernos en alerta a la hora de enfrentar el a\u00f1o 2019.<\/p>\n<p>A pesar de una gesti\u00f3n econ\u00f3mica dudosa y con el desempleo creciendo de forma sostenida, el gobierno mantiene cierto control de la agenda laboral sin que desde la organizaci\u00f3n sindical, en cualquiera de las diferentes plataformas hoy existentes, puedan hacer un contrapeso en la disputa pol\u00edtica y social a la que nos enfrentamos. Hecho que afecta a las millones de chilenas y chilenos que trabajan en condiciones m\u00e1s precarizadas y rodeadas de inestabilidad.<\/p>\n<p><a href=\"https:\/\/industrialchile.cl\/cl\/wp-content\/uploads\/2019\/01\/constramet.png\"><img loading=\"lazy\" decoding=\"async\" class=\"alignnone size-full wp-image-6369\" src=\"https:\/\/industrialchile.cl\/cl\/wp-content\/uploads\/2019\/01\/constramet.png\" alt=\"\" width=\"800\" height=\"600\" srcset=\"https:\/\/industrialchile.cl\/cl\/wp-content\/uploads\/2019\/01\/constramet.png 800w, https:\/\/industrialchile.cl\/cl\/wp-content\/uploads\/2019\/01\/constramet-300x225.png 300w, https:\/\/industrialchile.cl\/cl\/wp-content\/uploads\/2019\/01\/constramet-768x576.png 768w\" sizes=\"auto, (max-width: 800px) 100vw, 800px\" \/><\/a><\/p>\n<p>Los meses que vienen por delante son un desaf\u00edo para la forma en que las trabajadoras y trabajadores hasta ahora nos hemos organizados para defender nuestros derechos, ya que los proyectos que el gobierno ha presentado o propuesto son una forma de institucionalizar los abusos que los empleadores que por a\u00f1os aplican en el pa\u00eds.<\/p>\n<p>Para esto debemos actuar con unidad. Pero no con una unidad moment\u00e1nea sino que debemos construir una organizaci\u00f3n s\u00f3lida y compacta que permita reinstalar a la organizaciones de las y los trabajadores como protagonistas del debate pol\u00edtico nacional. Ya no podemos quedarnos en las demostraciones de fuerza en eventos particulares, debemos reinstalar a la organizaci\u00f3n sindical y social como factor clave a la hora del debate p\u00fablico.<\/p>\n<p>Es fundamental para ello que dejemos de lado los intereses particulares y la calculadora pol\u00edtica. No ser\u00e1 posible enfrentar de buena forma la oleada neoliberal de Pi\u00f1era sin que seamos capaces de unir esfuerzos en pos del beneficio colectivo. Esto, de paso, permitir\u00e1 sentar las bases para poder conducir un proceso real de transformaciones que permitan restituir en Chile una democracia plena y que las generaciones futuras puedan vivir en una sociedad que tenga resguardados sus derechos.<\/p>\n<p>No podemos enfrentar el actual escenario desde nuestras peque\u00f1as iniciativas. Debemos fortalecernos en la Unidad de todas las fuerzas sociales que aspiren a construir una democracia plena, justicia social y resguardo de derechos.<\/p>\n<p>Esto no es tan solo una necesidad del momento, todo lo contrario, tiene que ver con ser responsables por el presente y el futuro de Chile. Y las y los trabajadores debemos estar a la altura.<\/p>\n<p>Columna publicada en <a href=\"https:\/\/www.eldesconcierto.cl\/2019\/01\/06\/2019-el-ano-de-la-defensa-de-los-derechos-laborales-y-de-la-unidad-de-las-fuerzas-sociales\/\">El Desconciento<\/a><\/p>\n","protected":false},"excerpt":{"rendered":"<p>Por Horacio Fuentes, presidente Confederaci\u00f3n de Trabajadores Metal\u00fargicos (Constramet) Durante los \u00faltimos doce meses, con la instalaci\u00f3n del segundo gobierno de Sebasti\u00e1n Pi\u00f1era, se han llevado a cabo una serie de pol\u00edticas que van contra los intereses de los trabajadores y trabajadoras con el fin de dar respuestas a las exigencias del empresariado y los &hellip;<\/p>\n","protected":false},"author":6,"featured_media":6369,"comment_status":"open","ping_status":"open","sticky":false,"template":"","format":"standard","meta":{"footnotes":""},"categories":[175,1,184],"tags":[],"class_list":["post-6368","post","type-post","status-publish","format-standard","has-post-thumbnail","","category-contenidos","category-noticias","category-portada"],"_links":{"self":[{"href":"https:\/\/industrialchile.cl\/cl\/wp-json\/wp\/v2\/posts\/6368","targetHints":{"allow":["GET"]}}],"collection":[{"href":"https:\/\/industrialchile.cl\/cl\/wp-json\/wp\/v2\/posts"}],"about":[{"href":"https:\/\/industrialchile.cl\/cl\/wp-json\/wp\/v2\/types\/post"}],"author":[{"embeddable":true,"href":"https:\/\/industrialchile.cl\/cl\/wp-json\/wp\/v2\/users\/6"}],"replies":[{"embeddable":true,"href":"https:\/\/industrialchile.cl\/cl\/wp-json\/wp\/v2\/comments?post=6368"}],"version-history":[{"count":1,"href":"https:\/\/industrialchile.cl\/cl\/wp-json\/wp\/v2\/posts\/6368\/revisions"}],"predecessor-version":[{"id":6370,"href":"https:\/\/industrialchile.cl\/cl\/wp-json\/wp\/v2\/posts\/6368\/revisions\/6370"}],"wp:featuredmedia":[{"embeddable":true,"href":"https:\/\/industrialchile.cl\/cl\/wp-json\/wp\/v2\/media\/6369"}],"wp:attachment":[{"href":"https:\/\/industrialchile.cl\/cl\/wp-json\/wp\/v2\/media?parent=6368"}],"wp:term":[{"taxonomy":"category","embeddable":true,"href":"https:\/\/industrialchile.cl\/cl\/wp-json\/wp\/v2\/categories?post=6368"},{"taxonomy":"post_tag","embeddable":true,"href":"https:\/\/industrialchile.cl\/cl\/wp-json\/wp\/v2\/tags?post=6368"}],"curies":[{"name":"wp","href":"https:\/\/api.w.org\/{rel}","templated":true}]}}