{"id":6346,"date":"2018-12-20T11:04:30","date_gmt":"2018-12-20T14:04:30","guid":{"rendered":"https:\/\/industrialchile.cl\/cl\/?p=6346"},"modified":"2018-12-20T11:04:30","modified_gmt":"2018-12-20T14:04:30","slug":"comunicado-industrial-chile-constramet-por-paro-portuario","status":"publish","type":"post","link":"https:\/\/industrialchile.cl\/cl\/comunicado-industrial-chile-constramet-por-paro-portuario\/","title":{"rendered":"Comunicado Industrial Chile &#8211; Constramet por Paro Portuario"},"content":{"rendered":"<p class=\"s9\"><a href=\"https:\/\/industrialchile.cl\/cl\/wp-content\/uploads\/2018\/12\/956E43B5-861B-41C7-8CE0-92D3E53E37A3.jpeg\"><img loading=\"lazy\" decoding=\"async\" class=\"alignnone size-full wp-image-6347\" src=\"https:\/\/industrialchile.cl\/cl\/wp-content\/uploads\/2018\/12\/956E43B5-861B-41C7-8CE0-92D3E53E37A3.jpeg\" alt=\"\" width=\"720\" height=\"720\" srcset=\"https:\/\/industrialchile.cl\/cl\/wp-content\/uploads\/2018\/12\/956E43B5-861B-41C7-8CE0-92D3E53E37A3.jpeg 720w, https:\/\/industrialchile.cl\/cl\/wp-content\/uploads\/2018\/12\/956E43B5-861B-41C7-8CE0-92D3E53E37A3-150x150.jpeg 150w, https:\/\/industrialchile.cl\/cl\/wp-content\/uploads\/2018\/12\/956E43B5-861B-41C7-8CE0-92D3E53E37A3-300x300.jpeg 300w\" sizes=\"auto, (max-width: 720px) 100vw, 720px\" \/><\/a><\/p>\n<p class=\"s9\"><span class=\"s6\"><span class=\"bumpedFont15\">Industrial Chile Constramet declara ante la opini\u00f3n <\/span><\/span><span class=\"s6\"><span class=\"bumpedFont15\">p\u00fa<\/span><\/span><span class=\"s6\"><span class=\"bumpedFont15\">blica nuestro m\u00e1s <\/span><\/span><span class=\"s6\"><span class=\"bumpedFont15\">en\u00e9rgico<\/span><\/span><span class=\"s6\"><span class=\"bumpedFont15\"> rechazo a la<\/span><\/span><span class=\"s6\"><span class=\"bumpedFont15\"> forma de actuar de C<\/span><\/span><span class=\"s6\"><span class=\"bumpedFont15\">arabineros, al invadir la sede hist\u00f3rica del sindicato N\u00b01 de los Trabajadores Portuarios, este abuso de poder por parte de las FF<\/span><\/span><span class=\"s6\"><span class=\"bumpedFont15\">.EE de Carabineros <\/span><\/span><span class=\"s6\"><span class=\"bumpedFont15\">con la complicidad d<\/span><\/span><span class=\"s6\"><span class=\"bumpedFont15\">el Gobierno e Intendente de la Q<\/span><\/span><span class=\"s6\"><span class=\"bumpedFont15\">uinta <\/span><\/span><span class=\"s6\"><span class=\"bumpedFont15\">R<\/span><\/span><span class=\"s6\"><span class=\"bumpedFont15\">egi\u00f3n, no puede quedar en vano y exigimos que se condene a los culpables de tal brutal asalto y posterior destrucci\u00f3n de la sede sindical de los trabajadores, que leg\u00edtimamente luchan por sus derechos.<\/span><\/span><\/p>\n<p class=\"s9\">\n<p class=\"s9\"><span class=\"s6\"><span class=\"bumpedFont15\">Ante estos hechos Industrial Chile<\/span><\/span><span class=\"s6\"><span class=\"bumpedFont15\"> Constramet solidariza con los T<\/span><\/span><span class=\"s6\"><span class=\"bumpedFont15\">rabajadores<\/span><\/span><span class=\"s6\"><span class=\"bumpedFont15\"> y Trabajadoras<\/span><\/span><span class=\"s6\"><span class=\"bumpedFont15\"> y apoya el movimiento de huelga en forma irrestricta, adem\u00e1s<\/span><\/span><span class=\"s6\"><span class=\"bumpedFont15\"> solidariza<\/span><\/span><span class=\"s6\"><span class=\"bumpedFont15\"> con sus familias que <\/span><\/span><span class=\"s6\"><span class=\"bumpedFont15\">tambi\u00e9n sufren en forma directa el abuso patronal de la cual somos v\u00edctimas<\/span><\/span><span class=\"s6\"><span class=\"bumpedFont15\">los T<\/span><\/span><span class=\"s6\"><span class=\"bumpedFont15\">rabajadores<\/span><\/span><span class=\"s6\"><span class=\"bumpedFont15\">, entendemos y hacemos nuestra<\/span><\/span><span class=\"s6\"><span class=\"bumpedFont15\"> vuestra lucha por el mejoramiento de <\/span><\/span><span class=\"s6\"><span class=\"bumpedFont15\">las condiciones de vida de los T<\/span><\/span><span class=\"s6\"><span class=\"bumpedFont15\">rabajadores<\/span><\/span><span class=\"s6\"><span class=\"bumpedFont15\"> y T<\/span><\/span><span class=\"s6\"><span class=\"bumpedFont15\">rabajadoras y sus familias.<\/span><\/span><\/p>\n<p class=\"s9\">\n<p class=\"s9\"><span class=\"s6\"><span class=\"bumpedFont15\">Finalmente nos declaramos en alerta para cualquier acci\u00f3n <\/span><\/span><span class=\"s6\"><span class=\"bumpedFont15\">que determinen los T<\/span><\/span><span class=\"s6\"><span class=\"bumpedFont15\">rabajadores, en apoyo a su movimiento de huelga.<\/span><\/span><\/p>\n<p class=\"s9\">\n<p class=\"s9\"><span class=\"s6\"><span class=\"bumpedFont15\">Se despide <\/span><\/span><span class=\"s6\"><span class=\"bumpedFont15\">Fraternamente <\/span><\/span><\/p>\n<p class=\"s9\">\n<p class=\"s9\"><span class=\"s6\"><span class=\"bumpedFont15\">Consejo Directivo Nacional de Industrial Chile Constramet<\/span><\/span><\/p>\n","protected":false},"excerpt":{"rendered":"<p>Industrial Chile Constramet declara ante la opini\u00f3n p\u00fablica nuestro m\u00e1s en\u00e9rgico rechazo a la forma de actuar de Carabineros, al invadir la sede hist\u00f3rica del sindicato N\u00b01 de los Trabajadores Portuarios, este abuso de poder por parte de las FF.EE de Carabineros con la complicidad del Gobierno e Intendente de la Quinta Regi\u00f3n, no puede &hellip;<\/p>\n","protected":false},"author":6,"featured_media":6347,"comment_status":"open","ping_status":"open","sticky":false,"template":"","format":"standard","meta":{"footnotes":""},"categories":[1,184,161],"tags":[219,286,287,288],"class_list":["post-6346","post","type-post","status-publish","format-standard","has-post-thumbnail","","category-noticias","category-portada","category-zonalcentro","tag-cut","tag-paro-portuario","tag-tps","tag-valparaiso"],"_links":{"self":[{"href":"https:\/\/industrialchile.cl\/cl\/wp-json\/wp\/v2\/posts\/6346","targetHints":{"allow":["GET"]}}],"collection":[{"href":"https:\/\/industrialchile.cl\/cl\/wp-json\/wp\/v2\/posts"}],"about":[{"href":"https:\/\/industrialchile.cl\/cl\/wp-json\/wp\/v2\/types\/post"}],"author":[{"embeddable":true,"href":"https:\/\/industrialchile.cl\/cl\/wp-json\/wp\/v2\/users\/6"}],"replies":[{"embeddable":true,"href":"https:\/\/industrialchile.cl\/cl\/wp-json\/wp\/v2\/comments?post=6346"}],"version-history":[{"count":1,"href":"https:\/\/industrialchile.cl\/cl\/wp-json\/wp\/v2\/posts\/6346\/revisions"}],"predecessor-version":[{"id":6348,"href":"https:\/\/industrialchile.cl\/cl\/wp-json\/wp\/v2\/posts\/6346\/revisions\/6348"}],"wp:featuredmedia":[{"embeddable":true,"href":"https:\/\/industrialchile.cl\/cl\/wp-json\/wp\/v2\/media\/6347"}],"wp:attachment":[{"href":"https:\/\/industrialchile.cl\/cl\/wp-json\/wp\/v2\/media?parent=6346"}],"wp:term":[{"taxonomy":"category","embeddable":true,"href":"https:\/\/industrialchile.cl\/cl\/wp-json\/wp\/v2\/categories?post=6346"},{"taxonomy":"post_tag","embeddable":true,"href":"https:\/\/industrialchile.cl\/cl\/wp-json\/wp\/v2\/tags?post=6346"}],"curies":[{"name":"wp","href":"https:\/\/api.w.org\/{rel}","templated":true}]}}