{"id":6331,"date":"2018-11-30T09:52:21","date_gmt":"2018-11-30T12:52:21","guid":{"rendered":"https:\/\/industrialchile.cl\/cl\/?p=6331"},"modified":"2018-12-07T09:59:06","modified_gmt":"2018-12-07T12:59:06","slug":"cut-continua-fortaleciendo-la-mas-amplia-y-transversal-unidad-social-politica-sindical-para-contener-el-avance-neoliberal","status":"publish","type":"post","link":"https:\/\/industrialchile.cl\/cl\/cut-continua-fortaleciendo-la-mas-amplia-y-transversal-unidad-social-politica-sindical-para-contener-el-avance-neoliberal\/","title":{"rendered":"CUT contin\u00faa fortaleciendo la m\u00e1s amplia y transversal unidad social-pol\u00edtica-sindical para contener el avance neoliberal"},"content":{"rendered":"<p>En el marco del acto inaugural del 5\u00b0 Consejo Directivo Nacional Ampliado (CDNA) de la CUT -en lo que va del a\u00f1o- realizado este jueves en la sede de la Central, participaron como invitados dirigentes de organizaciones de Derechos Humanos, de colegios profesionales y de la Coordinadora Nacional de Trabajadores y\u00a0 Trabajadoras NO + AFP. Oportunidad, en la que el vocero de la Coordinadora, Luis Mesina expuso los detalles de la propuesta de la organizaci\u00f3n para cambiar el sistema de pensiones en Chile.<\/p>\n<p>La presidenta de la CUT, B\u00e1rbara Figueroa abri\u00f3 la plenaria\u00a0 con el reconocimiento al respaldo transversal y unitario\u00a0 a todas las organizaciones y fuerzas sociales, de derechos humanos, estudiantes, pobladores, sindicales, pol\u00edticas, culturales, etc\u00e9tera que se sumaron a la convocatoria del primer Paro Nacional Activo de la CUT, desarrollado masivamente el pasado 8 de noviembre para exigir justicia social.<\/p>\n<p>Y es precisamente continuando en esa l\u00ednea de acci\u00f3n, consolidando estos procesos unitarios, que a este CDNA fueron invitados dirigentes de este amplio universo de organizaciones pues: \u201c<em>Parte del objetivo de este Consejo es ver de qu\u00e9 manera seguimos contribuyendo en este esfuerzo de unidad amplia social y pol\u00edtica -como es el planteamiento que hici\u00e9ramos no solamente hoy sino desde el a\u00f1o 2016 en el marco de las convocatorias del 1\u00b0 de mayo- \u00a0y que hoy entendemos que se reafirma con mucho m\u00e1s fuerza y convicci\u00f3n dado lo que estamos viviendo en estos \u00faltimos ocho meses\u201d,\u00a0<\/em>dijo la l\u00edder de la multigremial.<\/p>\n<p><a href=\"https:\/\/industrialchile.cl\/cl\/wp-content\/uploads\/2018\/12\/IMG_20181129_102713-800x445.jpg\"><img loading=\"lazy\" decoding=\"async\" class=\"alignnone size-full wp-image-6332\" src=\"https:\/\/industrialchile.cl\/cl\/wp-content\/uploads\/2018\/12\/IMG_20181129_102713-800x445.jpg\" alt=\"\" width=\"800\" height=\"445\" srcset=\"https:\/\/industrialchile.cl\/cl\/wp-content\/uploads\/2018\/12\/IMG_20181129_102713-800x445.jpg 800w, https:\/\/industrialchile.cl\/cl\/wp-content\/uploads\/2018\/12\/IMG_20181129_102713-800x445-300x167.jpg 300w, https:\/\/industrialchile.cl\/cl\/wp-content\/uploads\/2018\/12\/IMG_20181129_102713-800x445-768x427.jpg 768w\" sizes=\"auto, (max-width: 800px) 100vw, 800px\" \/><\/a><\/p>\n<p>En particular sobre el tema del proyecto de reforma de pensiones del Gobierno, la dirigente reiter\u00f3 una vez m\u00e1s el llamado a los parlamentarios a\u00a0<em>\u201cno solo a informarse y conocer la propuesta de la Coordinadora Nacional No + AFP, que hoy respaldamos desde todos los actores sindicales, sino que tambi\u00e9n el llamado es a no avanzar en esta propuesta regresiva que est\u00e1 proponiendo Sebasti\u00e1n Pi\u00f1era<\/em>\u201d. Es por ello, que insisti\u00f3 en que el llamado es a que ni siquiera se apruebe la \u201c<em>idea de legislar\u201d dicho proyecto.<\/em><\/p>\n<p>En tanto Mesina, se\u00f1al\u00f3 que: \u201c<em>La idea fundamental es sumar esfuerzos, hacer converger las fuerzas representativas del movimiento social en la perspectiva de contener y detener esta ofensiva del Gobierno que busca justamente legislar conculcando derechos fundamentales. Lo estamos viendo en todos los planos. Quieren instalar nuevamente una reforma laboral que coloque el acento en la flexibilidad en un pa\u00eds que ya tiene desbordes de flexibilizaci\u00f3n que no se comprenden<\/em>\u201d.<\/p>\n<p>La Coordinadora est\u00e1 desplegando a lo largo del pa\u00eds \u00a0la campa\u00f1a<em>: \u00a1Que el pueblo legisle sobre las pensiones<\/em>\u201d, impulsando<em>\u00a0la Iniciativa Popular de Ley No +AFP\u201d.\u00a0\u00a0<\/em>En esa l\u00ednea, Mesina fue enf\u00e1tico en se\u00f1alar que el Proyecto de Ley de Reforma Previsional de Pi\u00f1era: \u201c<em>Absolutamente no representa el sentir y la demanda de la ciudadan\u00eda; una reforma que no reforma, que mantiene intacto el sistema de capitalizaci\u00f3n individual, lo que ha generado indignaci\u00f3n porque, si tuvi\u00e9semos la certeza de que esto mejora las pensiones uno tendr\u00eda que ser mucho m\u00e1s prudente. Sin embargo, dada la complejidad que enfrenta la gran poblaci\u00f3n de nuestro compatriotas con pensiones miserables, es menester ponerse de acuerdo aumentar la unidad del mundo del trabajo, aumentar la unidad con los movimientos sociales, de forma tal de contener esta ofensiva de un gobierno que ha mostrado al cabo de ocho meses sus cartas y que no son otra cosa que representar el inter\u00e9s de la minor\u00edas de nuestro pa\u00eds\u00a0 en desmedro de las grandes mayor\u00edas. Es por eso que estamos muy contentos de poder avanzar en esta direcci\u00f3n: M\u00e1s unidad pero tambi\u00e9n acompa\u00f1ada de mucha m\u00e1s movilizaci\u00f3n social\u201d.<\/em><\/p>\n<p>Miguel Retamal, presidente de la Agrupaci\u00f3n Nacional de Ex Presos Pol\u00edticos de Chile, manifest\u00f3 su agradecimiento y \u201c<em>valorar en toda su dimensi\u00f3n la invitaci\u00f3n que nos ha hecho la Central unitaria de Trabajadores para interiorizarnos y expresar al mismo tiempo los problemas que aquejan a nuestras organizaciones de derechos humanos. Hay una ofensiva de tratar de retrotraer los avances que se hab\u00edan logrado, escasos inclusive, en materias de derechos humanos y tratando, a trav\u00e9s del negacionismo, de poner\u00a0 al mismo nivel a victimarios y v\u00edctimas (\u2026). Lo que est\u00e1 pasando aqu\u00ed en Chile, est\u00e1 pasando en otros pa\u00edses de Latinoam\u00e9rica, con los cuales hemos tratado de vincularnos en nuestras actividades, en nuestras luchas por avanzar en materia de verdad y justicia. Creemos que es important\u00edsimo vincularnos a los problemas que aquejan en aspectos laborales, en aspectos de pensiones y vincularnos tambi\u00e9n a los retrocesos que tenemos en materia de derechos humanos. La lucha y la unidad del pueblo progresista de Chile, debe<\/em>\u00a0<em>producirse hoy d\u00eda en momentos en que la sociedad chilena y Latinoamericana vive momentos tan dif\u00edciles\u201d.<\/em><\/p>\n<p>M\u00f3nica Vargas, presidenta de la Federaci\u00f3n de Colegios Profesionales de Chile, dijo que con estas instancias transversales: \u201c<em>Estamos dando pasos hacia la unidad m\u00e1s amplia en funci\u00f3n no solo de contener el avance del neoliberalismo sino tambi\u00e9n en funci\u00f3n de procurar un avance en la consecuci\u00f3n de derechos y de mayor igualdad en nuestro pa\u00eds. Estamos trabajando en ello (\u2026). Hay muchos detr\u00e1s de nosotros que est\u00e1n en este mismo camino<\/em>\u201d.<\/p>\n<p>Es por ello, precis\u00f3 la dirigente, \u201c<em>Estamos diciendo muy fuerte, muy claro desde el mundo social que exigimos que las democracias efectivamente representen el sentimiento y pensar de todos y todas las que las conformamos<\/em>\u201d, recordando que el Presidente Pi\u00f1era solo fue electo por el 25% del Padr\u00f3n electoral.<\/p>\n","protected":false},"excerpt":{"rendered":"<p>En el marco del acto inaugural del 5\u00b0 Consejo Directivo Nacional Ampliado (CDNA) de la CUT -en lo que va del a\u00f1o- realizado este jueves en la sede de la Central, participaron como invitados dirigentes de organizaciones de Derechos Humanos, de colegios profesionales y de la Coordinadora Nacional de Trabajadores y\u00a0 Trabajadoras NO + AFP. &hellip;<\/p>\n","protected":false},"author":6,"featured_media":6332,"comment_status":"open","ping_status":"open","sticky":false,"template":"","format":"standard","meta":{"footnotes":""},"categories":[1,184],"tags":[236,219,241],"class_list":["post-6331","post","type-post","status-publish","format-standard","has-post-thumbnail","","category-noticias","category-portada","tag-barbara-figueroa","tag-cut","tag-gobierno"],"_links":{"self":[{"href":"https:\/\/industrialchile.cl\/cl\/wp-json\/wp\/v2\/posts\/6331","targetHints":{"allow":["GET"]}}],"collection":[{"href":"https:\/\/industrialchile.cl\/cl\/wp-json\/wp\/v2\/posts"}],"about":[{"href":"https:\/\/industrialchile.cl\/cl\/wp-json\/wp\/v2\/types\/post"}],"author":[{"embeddable":true,"href":"https:\/\/industrialchile.cl\/cl\/wp-json\/wp\/v2\/users\/6"}],"replies":[{"embeddable":true,"href":"https:\/\/industrialchile.cl\/cl\/wp-json\/wp\/v2\/comments?post=6331"}],"version-history":[{"count":1,"href":"https:\/\/industrialchile.cl\/cl\/wp-json\/wp\/v2\/posts\/6331\/revisions"}],"predecessor-version":[{"id":6333,"href":"https:\/\/industrialchile.cl\/cl\/wp-json\/wp\/v2\/posts\/6331\/revisions\/6333"}],"wp:featuredmedia":[{"embeddable":true,"href":"https:\/\/industrialchile.cl\/cl\/wp-json\/wp\/v2\/media\/6332"}],"wp:attachment":[{"href":"https:\/\/industrialchile.cl\/cl\/wp-json\/wp\/v2\/media?parent=6331"}],"wp:term":[{"taxonomy":"category","embeddable":true,"href":"https:\/\/industrialchile.cl\/cl\/wp-json\/wp\/v2\/categories?post=6331"},{"taxonomy":"post_tag","embeddable":true,"href":"https:\/\/industrialchile.cl\/cl\/wp-json\/wp\/v2\/tags?post=6331"}],"curies":[{"name":"wp","href":"https:\/\/api.w.org\/{rel}","templated":true}]}}