{"id":6209,"date":"2018-08-30T08:51:45","date_gmt":"2018-08-30T12:51:45","guid":{"rendered":"https:\/\/industrialchile.cl\/cl\/?p=6209"},"modified":"2018-08-30T08:51:45","modified_gmt":"2018-08-30T12:51:45","slug":"cut-emplaza-al-gobierno-por-caida-de-reajuste-al-salario-minimo-su-interes-nunca-fue-negociar","status":"publish","type":"post","link":"https:\/\/industrialchile.cl\/cl\/cut-emplaza-al-gobierno-por-caida-de-reajuste-al-salario-minimo-su-interes-nunca-fue-negociar\/","title":{"rendered":"CUT emplaza al Gobierno por ca\u00edda de reajuste al salario m\u00ednimo: \u00abSu inter\u00e9s nunca fue negociar\u00bb"},"content":{"rendered":"<p>En completa incertidumbre qued\u00f3 el reajuste\u00a0al\u00a0<strong>salario m\u00ednim<\/strong>o luego de que este martes\u00a0<strong>fuera rechazado\u00a0en la C\u00e1mara de Diputados el veto del Gobierno a la iniciativa aprobada sin la plurianualidad y posteriormente se rechazara igualmente\u00a0a la propuesta de hacer prevalecer lo aprobado por la corporaci\u00f3n (esto es el reajuste a 286 mil, llegando a 300 mil en marzo de 2019)<\/strong>.<\/p>\n<p>En este escenario, la \u00fanica opci\u00f3n para que los trabajadores no se queden sin reajuste es que el Gobierno presente otro proyecto, el que ya est\u00e1 siendo estudiando seg\u00fan adelant\u00f3 el ministro del Trabajo,\u00a0<strong>Nicol\u00e1s Monckeberg<\/strong>.<\/p>\n<p>Ante esta situaci\u00f3n, la presidenta de la\u00a0Central Unitaria de Trabajadores (CUT),\u00a0<strong>B\u00e1rbara Figueroa<\/strong>, responsabiliz\u00f3 de lo ocurrido al Gobierno.<\/p>\n<p>\u00abEl Gobierno al imponer esta pol\u00edtica del veto y hacer este llamado tozudo al Parlamento de asegurar un reajuste a m\u00e1s de un a\u00f1o y particularmente llegando hasta 2020, finalmente\u00a0<strong>qued\u00f3 en evidencia que su inter\u00e9s nunca fue negociar de manera efectiva\u00a0por los trabajadores y sus intereses<\/strong>, sino que m\u00e1s bien su objetivo principal era asegurar o garantizar que un a\u00f1o de elecci\u00f3n municipal no tuviera que enfrentarse a un proceso de negociaci\u00f3n\u00bb, explic\u00f3.<\/p>\n<p><a href=\"https:\/\/industrialchile.cl\/cl\/wp-content\/uploads\/2018\/08\/1535487786-auno973495.jpg\"><img loading=\"lazy\" decoding=\"async\" class=\"alignnone size-full wp-image-6210\" src=\"https:\/\/industrialchile.cl\/cl\/wp-content\/uploads\/2018\/08\/1535487786-auno973495.jpg\" alt=\"\" width=\"1200\" height=\"675\" srcset=\"https:\/\/industrialchile.cl\/cl\/wp-content\/uploads\/2018\/08\/1535487786-auno973495.jpg 1200w, https:\/\/industrialchile.cl\/cl\/wp-content\/uploads\/2018\/08\/1535487786-auno973495-300x169.jpg 300w, https:\/\/industrialchile.cl\/cl\/wp-content\/uploads\/2018\/08\/1535487786-auno973495-768x432.jpg 768w, https:\/\/industrialchile.cl\/cl\/wp-content\/uploads\/2018\/08\/1535487786-auno973495-1024x576.jpg 1024w\" sizes=\"auto, (max-width: 1200px) 100vw, 1200px\" \/><\/a><\/p>\n<p>En este sentido, Figueroa asegur\u00f3 que la actitud tomada por La Moneda fue \u00abantisindical\u00bb y \u00abantitrabajadores\u00bb.<\/p>\n<p>Figueroa adem\u00e1s agradeci\u00f3 al Congreso por aprobar, este lunes, el proyecto sin la plurianualidad y la imposibilidad de negociar hasta 2020. En ese sentido, confirm\u00f3 que le pidieron a ambas c\u00e1maras no aceptar la propuesta del Gobierno y respetar la posibilidad de los trabajadores de negociar.<\/p>\n<p>Asimismo, Figueroa recalc\u00f3 que ahora exigen al Ejecutivo\u00a0<strong>la presentaci\u00f3n de un nuevo proyecto<\/strong>.<\/p>\n<p>\u00abEl llamado que hacemos es que el Gobierno ingrese un nuevo proyecto que respete lo que soberanamente\u00a0aprob\u00f3 el Parlamento y que ello sea lo que se haga ley con la votaci\u00f3n un\u00e1nime de los parlamentarios, tanto de oposici\u00f3n como los parlamentarios de derecha que hoy tanto claman por este reajuste rechazado\u00bb, explic\u00f3.<\/p>\n<p>V\u00eda <a href=\"http:\/\/www.t13.cl\/noticia\/negocios\/politica\/cut-emplaza-al-gobierno-caida-reajuste-al-salario-minimo-su-interes-nunca-fue-negociar\">Teletrece<\/a><\/p>\n","protected":false},"excerpt":{"rendered":"<p>En completa incertidumbre qued\u00f3 el reajuste\u00a0al\u00a0salario m\u00ednimo luego de que este martes\u00a0fuera rechazado\u00a0en la C\u00e1mara de Diputados el veto del Gobierno a la iniciativa aprobada sin la plurianualidad y posteriormente se rechazara igualmente\u00a0a la propuesta de hacer prevalecer lo aprobado por la corporaci\u00f3n (esto es el reajuste a 286 mil, llegando a 300 mil en &hellip;<\/p>\n","protected":false},"author":6,"featured_media":6210,"comment_status":"open","ping_status":"open","sticky":false,"template":"","format":"standard","meta":{"footnotes":""},"categories":[1,184,161],"tags":[],"class_list":["post-6209","post","type-post","status-publish","format-standard","has-post-thumbnail","","category-noticias","category-portada","category-zonalcentro"],"_links":{"self":[{"href":"https:\/\/industrialchile.cl\/cl\/wp-json\/wp\/v2\/posts\/6209","targetHints":{"allow":["GET"]}}],"collection":[{"href":"https:\/\/industrialchile.cl\/cl\/wp-json\/wp\/v2\/posts"}],"about":[{"href":"https:\/\/industrialchile.cl\/cl\/wp-json\/wp\/v2\/types\/post"}],"author":[{"embeddable":true,"href":"https:\/\/industrialchile.cl\/cl\/wp-json\/wp\/v2\/users\/6"}],"replies":[{"embeddable":true,"href":"https:\/\/industrialchile.cl\/cl\/wp-json\/wp\/v2\/comments?post=6209"}],"version-history":[{"count":1,"href":"https:\/\/industrialchile.cl\/cl\/wp-json\/wp\/v2\/posts\/6209\/revisions"}],"predecessor-version":[{"id":6211,"href":"https:\/\/industrialchile.cl\/cl\/wp-json\/wp\/v2\/posts\/6209\/revisions\/6211"}],"wp:featuredmedia":[{"embeddable":true,"href":"https:\/\/industrialchile.cl\/cl\/wp-json\/wp\/v2\/media\/6210"}],"wp:attachment":[{"href":"https:\/\/industrialchile.cl\/cl\/wp-json\/wp\/v2\/media?parent=6209"}],"wp:term":[{"taxonomy":"category","embeddable":true,"href":"https:\/\/industrialchile.cl\/cl\/wp-json\/wp\/v2\/categories?post=6209"},{"taxonomy":"post_tag","embeddable":true,"href":"https:\/\/industrialchile.cl\/cl\/wp-json\/wp\/v2\/tags?post=6209"}],"curies":[{"name":"wp","href":"https:\/\/api.w.org\/{rel}","templated":true}]}}