{"id":6099,"date":"2018-06-15T09:00:03","date_gmt":"2018-06-15T13:00:03","guid":{"rendered":"http:\/\/industrialchile.cl\/cl\/?p=6099"},"modified":"2018-06-14T22:44:23","modified_gmt":"2018-06-15T02:44:23","slug":"tiempos-mejores-maersk-anuncia-cierre-de-fabrica-en-chile-y-1-200-personas-quedan-desempleadas","status":"publish","type":"post","link":"https:\/\/industrialchile.cl\/cl\/tiempos-mejores-maersk-anuncia-cierre-de-fabrica-en-chile-y-1-200-personas-quedan-desempleadas\/","title":{"rendered":"\u00bfTiempos mejores? Maersk anuncia cierre de f\u00e1brica en Chile y 1.200 personas quedan desempleadas"},"content":{"rendered":"<p><strong>Maersk Container Industry<\/strong>\u00a0comunic\u00f3 -mediante una declaraci\u00f3n p\u00fablica- el\u00a0<strong>t\u00e9rmino de las operaciones<\/strong>\u00a0de su f\u00e1brica de contenedores en Chile, argumentando que las nuevas condiciones de mercado -marcadas por la sobreproducci\u00f3n de contenedores en el mundo y la dificultad permanente para conseguir a nivel regional proveedores de insumos para la fabricaci\u00f3n- impidi\u00f3 a la empresa ser competitiva.<\/p>\n<p>La\u00a0<strong>decisi\u00f3n fue calificada como \u201cirreversible\u201d<\/strong>\u00a0y pondr\u00e1 fin a las operaciones de fabricaci\u00f3n de contenedores refrigerados en sus instalaciones de Malvilla, en\u00a0<strong>San Antonio<\/strong>.<\/p>\n<p>La\u00a0<strong>medida fue anunciada\u00a0este jueves 14\u00a0<\/strong>a sus trabajadores, a las autoridades de la provincia de San Antonio, del gobierno central y a sus clientes.<\/p>\n<p><a href=\"http:\/\/industrialchile.cl\/cl\/wp-content\/uploads\/2018\/06\/Maersk-750x404.png\"><img loading=\"lazy\" decoding=\"async\" class=\"alignnone wp-image-6100 size-full\" src=\"http:\/\/industrialchile.cl\/cl\/wp-content\/uploads\/2018\/06\/Maersk-750x404.png\" alt=\"\" width=\"750\" height=\"404\" srcset=\"https:\/\/industrialchile.cl\/cl\/wp-content\/uploads\/2018\/06\/Maersk-750x404.png 750w, https:\/\/industrialchile.cl\/cl\/wp-content\/uploads\/2018\/06\/Maersk-750x404-300x162.png 300w\" sizes=\"auto, (max-width: 750px) 100vw, 750px\" \/><\/a><\/p>\n<p>\u201cQuiero decir que es una determinaci\u00f3n necesaria, pero al mismo tiempo dolorosa. Y lamentamos profundamente los efectos que tiene para nuestros trabajadores y sus familias; muchos de ellos nos hab\u00edan acompa\u00f1ado desde el inicio\u201d, sostuvo mediante el documento, el gerente general de MCIS, Ronnie B. Jensen.<\/p>\n<p><strong>Esta decisi\u00f3n involucra el despido de 1.209 trabajadores<\/strong>\u00a0altamente calificados. \u201cEstamos comprometidos con nuestras obligaciones contractuales y apreciamos el gran esfuerzo del equipo en estos seis a\u00f1os; primero en la construcci\u00f3n de la f\u00e1brica y luego en la fase de producci\u00f3n\u201d, agreg\u00f3 Jensen.<\/p>\n<p>Todos los\u00a0<strong>trabajadores recibir\u00e1n un paquete de indemnizaci\u00f3n<\/strong>\u00a0con una compensaci\u00f3n adicional a lo que exige la ley. Desde esta tarde, la compa\u00f1\u00eda est\u00e1 entregando en detalle esta informaci\u00f3n a los trabajadores, e iniciando un di\u00e1logo con las autoridades, empresas vecinas y clientes, para comunicarles directamente la decisi\u00f3n.<\/p>\n<p>Finalmente, la compa\u00f1\u00eda sostuvo que el cierre del sitio de fabricaci\u00f3n en San Antonio no afecta a ninguna de las dem\u00e1s actividades de A.P. Moller \u2013 Maersk en Chile.<\/p>\n<p>V\u00eda radio <a href=\"https:\/\/www.biobiochile.cl\/noticias\/nacional\/region-de-valparaiso\/2018\/06\/14\/1-200-personas-desempleadas-maersk-anuncia-cierre-de-fabrica-en-chile.shtml\">B\u00edo B\u00edo<\/a><\/p>\n","protected":false},"excerpt":{"rendered":"<p>Maersk Container Industry\u00a0comunic\u00f3 -mediante una declaraci\u00f3n p\u00fablica- el\u00a0t\u00e9rmino de las operaciones\u00a0de su f\u00e1brica de contenedores en Chile, argumentando que las nuevas condiciones de mercado -marcadas por la sobreproducci\u00f3n de contenedores en el mundo y la dificultad permanente para conseguir a nivel regional proveedores de insumos para la fabricaci\u00f3n- impidi\u00f3 a la empresa ser competitiva. La\u00a0decisi\u00f3n &hellip;<\/p>\n","protected":false},"author":6,"featured_media":6100,"comment_status":"open","ping_status":"open","sticky":false,"template":"","format":"standard","meta":{"footnotes":""},"categories":[1,184],"tags":[246,244,245],"class_list":["post-6099","post","type-post","status-publish","format-standard","has-post-thumbnail","","category-noticias","category-portada","tag-despidos","tag-maerks","tag-san-antonio"],"_links":{"self":[{"href":"https:\/\/industrialchile.cl\/cl\/wp-json\/wp\/v2\/posts\/6099","targetHints":{"allow":["GET"]}}],"collection":[{"href":"https:\/\/industrialchile.cl\/cl\/wp-json\/wp\/v2\/posts"}],"about":[{"href":"https:\/\/industrialchile.cl\/cl\/wp-json\/wp\/v2\/types\/post"}],"author":[{"embeddable":true,"href":"https:\/\/industrialchile.cl\/cl\/wp-json\/wp\/v2\/users\/6"}],"replies":[{"embeddable":true,"href":"https:\/\/industrialchile.cl\/cl\/wp-json\/wp\/v2\/comments?post=6099"}],"version-history":[{"count":1,"href":"https:\/\/industrialchile.cl\/cl\/wp-json\/wp\/v2\/posts\/6099\/revisions"}],"predecessor-version":[{"id":6101,"href":"https:\/\/industrialchile.cl\/cl\/wp-json\/wp\/v2\/posts\/6099\/revisions\/6101"}],"wp:featuredmedia":[{"embeddable":true,"href":"https:\/\/industrialchile.cl\/cl\/wp-json\/wp\/v2\/media\/6100"}],"wp:attachment":[{"href":"https:\/\/industrialchile.cl\/cl\/wp-json\/wp\/v2\/media?parent=6099"}],"wp:term":[{"taxonomy":"category","embeddable":true,"href":"https:\/\/industrialchile.cl\/cl\/wp-json\/wp\/v2\/categories?post=6099"},{"taxonomy":"post_tag","embeddable":true,"href":"https:\/\/industrialchile.cl\/cl\/wp-json\/wp\/v2\/tags?post=6099"}],"curies":[{"name":"wp","href":"https:\/\/api.w.org\/{rel}","templated":true}]}}