{"id":6095,"date":"2018-06-14T22:36:16","date_gmt":"2018-06-15T02:36:16","guid":{"rendered":"http:\/\/industrialchile.cl\/cl\/?p=6095"},"modified":"2018-06-14T22:36:16","modified_gmt":"2018-06-15T02:36:16","slug":"cut-insta-a-trabajadores-a-comprometerse-por-la-erradicacion-del-trabajo-infantil-en-chile","status":"publish","type":"post","link":"https:\/\/industrialchile.cl\/cl\/cut-insta-a-trabajadores-a-comprometerse-por-la-erradicacion-del-trabajo-infantil-en-chile\/","title":{"rendered":"CUT insta a trabajadores a comprometerse por la erradicaci\u00f3n del trabajo infantil en Chile"},"content":{"rendered":"<p>Este 12 de junio,\u00a0\u00a0se conmemor\u00f3 el \u201cD\u00eda Mundial contra el trabajo infantil\u201d, fecha establecida por\u00a0\u00a0la Organizaci\u00f3n Internacional del Trabajo (OIT) en el 2002 con el fin de \u201cconcentrar la atenci\u00f3n en la magnitud global del trabajo infantil y en las medidas para erradicarlo\u201d. Se estima que en el mundo,\u00a0\u00a0unos 168 millones de ni\u00f1os y ni\u00f1as son v\u00edctimas del trabajo infantil.<span id=\"more-2585\"><\/span>Y en el marco de esta conmemoraci\u00f3n, Grimilda Bruna, consejera nacional de la CUT a cargo de la Secretaria de Erradicaci\u00f3n del Trabajo Infantil, dependiente de la Vicepresidencia de la Mujer, particip\u00f3 este martes en el lanzamiento del\u00a0<em>\u201cProyecto Empleabilidad a familias de ni\u00f1os y ni\u00f1as y adolescentes trabajadores: Caminando juntos por la erradicaci\u00f3n del trabajo infantil\u201d<\/em>,\u00a0\u00a0iniciativa del Programa ProEmpleo del Ministerio del Trabajo y Previsi\u00f3n Social y ejecutada por la Vicar\u00eda de la Pastoral Social, que \u201cbusca contribuir a la empleabilidad de los familiares de ni\u00f1os, ni\u00f1as y adolescentes que trabajan o est\u00e1n en riesgo de trabajar, en las comunas de Recoleta, Quilicura, Conchal\u00ed, Independencia y Santiago Centro\u201d. La idea es entregar herramientas a los adultos para que puedan conseguir empleo y as\u00ed evitar que los ni\u00f1os, ni\u00f1as y adolescentes a su cargo trabajen.<\/p>\n<p>El piloto de este programa se realiz\u00f3 el a\u00f1o pasado y en la ceremonia de este martes, algunos de los adultos participantes entregaron su testimonio de la experiencia junto con relatar lo que signific\u00f3 para ellos trabajar desde muy peque\u00f1os.<\/p>\n<p>El trabajo infantil desde todo punto de vista, vulnera derechos fundamentales de los ni\u00f1os y ni\u00f1as, \u201clos\u00a0\u00a0ni\u00f1os tienen que jugar, recrearse, aprender jugando, estudiar y no trabajar. El trabajo infantil precariza la familia, es la continuidad de la pobreza, porque cuando un ni\u00f1o est\u00e1 obligado a trabajar a tan peque\u00f1a edad o adolescente es precarizar y continuar con la brecha de la pobreza. La idea es mejorar las condiciones de ese padre de esa madre trabajadora con sueldos dignos y trabajo decente para evitar as\u00ed que ese ni\u00f1o, se vea en la obligaci\u00f3n de trabajar\u201d, dijo Bruna.<\/p>\n<p><a href=\"http:\/\/industrialchile.cl\/cl\/wp-content\/uploads\/2018\/06\/1434123404_trabajo-infantil.jpg\"><img loading=\"lazy\" decoding=\"async\" class=\"alignnone wp-image-6097 size-large\" src=\"http:\/\/industrialchile.cl\/cl\/wp-content\/uploads\/2018\/06\/1434123404_trabajo-infantil-1024x576.jpg\" alt=\"\" width=\"618\" height=\"348\" srcset=\"https:\/\/industrialchile.cl\/cl\/wp-content\/uploads\/2018\/06\/1434123404_trabajo-infantil-1024x576.jpg 1024w, https:\/\/industrialchile.cl\/cl\/wp-content\/uploads\/2018\/06\/1434123404_trabajo-infantil-300x169.jpg 300w, https:\/\/industrialchile.cl\/cl\/wp-content\/uploads\/2018\/06\/1434123404_trabajo-infantil-768x432.jpg 768w, https:\/\/industrialchile.cl\/cl\/wp-content\/uploads\/2018\/06\/1434123404_trabajo-infantil.jpg 1200w\" sizes=\"auto, (max-width: 618px) 100vw, 618px\" \/><\/a><\/p>\n<p>La dirigente se\u00f1al\u00f3 que en Chile la tasa de trabajo infantil, se estima en unos 220 mil ni\u00f1os, ni\u00f1as y adolescentes. La mayor\u00eda se distribuye en sectores como el comercio, agricultura y en el trabajo dom\u00e9stico que realizan en sus propias casas. Sobre esto \u00faltimo, Bruna precis\u00f3 que este tipo de trabajo infantil \u201ces el m\u00e1s invisibilizado; es aquel ni\u00f1o que por ejemplo, tiene que cuidar a sus hermanos menores\u201d.<\/p>\n<p>Bruna, record\u00f3 que la CUT participa en la Comisi\u00f3n Asesora Ministerial para la Prevenci\u00f3n y Erradicaci\u00f3n del Trabajo Infantil, creada en el 2014, la cual implement\u00f3 la\u00a0<em>Estrategia Nacional para la Erradicaci\u00f3n<\/em>\u00a0<em>del Trabajo Infantil y Protecci\u00f3n del Adolescente Trabajador 2015-2025\u201d.\u00a0<\/em>Explic\u00f3 que la meta es \u201cque al 2015, tengamos erradicado al 100% el trabajo infantil en Chile. Si bien somos el pa\u00eds de la regi\u00f3n con menos ni\u00f1os y ni\u00f1as trabajando, igual tenemos cerca de 220 mil en esta situaci\u00f3n. Nos quedan siete a\u00f1os para cumplir la meta, entonces tenemos todos que ponernos a trabajar para cumplir esa meta\u201d.<\/p>\n<p>De ah\u00ed, que enfatiz\u00f3 la necesidad de sensibilizar y capacitar a la poblaci\u00f3n\u00a0\u00a0para poner fin a este flagelo: \u201cNosotros como trabajadores, somos los mejores para poder visibilizar cuando un empleador contrata a un ni\u00f1o o a un adolescente en\u00a0\u00a0condiciones inapropiadas o riesgosas.\u00a0En ese sentido, somos los primeros fiscalizadores. Deber\u00eda tambi\u00e9n estar consignados en las propuestas de las negociaciones colectivas que se\u00a0\u00a0impide que el empleador contrate un ni\u00f1o adolescente. Los trabajadores y trabajadora, tenemos en esto,\u00a0\u00a0una gran tarea\u201d.<\/p>\n","protected":false},"excerpt":{"rendered":"<p>Este 12 de junio,\u00a0\u00a0se conmemor\u00f3 el \u201cD\u00eda Mundial contra el trabajo infantil\u201d, fecha establecida por\u00a0\u00a0la Organizaci\u00f3n Internacional del Trabajo (OIT) en el 2002 con el fin de \u201cconcentrar la atenci\u00f3n en la magnitud global del trabajo infantil y en las medidas para erradicarlo\u201d. Se estima que en el mundo,\u00a0\u00a0unos 168 millones de ni\u00f1os y ni\u00f1as &hellip;<\/p>\n","protected":false},"author":6,"featured_media":6097,"comment_status":"open","ping_status":"open","sticky":false,"template":"","format":"standard","meta":{"footnotes":""},"categories":[1,184],"tags":[211,219,243],"class_list":["post-6095","post","type-post","status-publish","format-standard","has-post-thumbnail","","category-noticias","category-portada","tag-constramet","tag-cut","tag-trabajo-infantil"],"_links":{"self":[{"href":"https:\/\/industrialchile.cl\/cl\/wp-json\/wp\/v2\/posts\/6095","targetHints":{"allow":["GET"]}}],"collection":[{"href":"https:\/\/industrialchile.cl\/cl\/wp-json\/wp\/v2\/posts"}],"about":[{"href":"https:\/\/industrialchile.cl\/cl\/wp-json\/wp\/v2\/types\/post"}],"author":[{"embeddable":true,"href":"https:\/\/industrialchile.cl\/cl\/wp-json\/wp\/v2\/users\/6"}],"replies":[{"embeddable":true,"href":"https:\/\/industrialchile.cl\/cl\/wp-json\/wp\/v2\/comments?post=6095"}],"version-history":[{"count":1,"href":"https:\/\/industrialchile.cl\/cl\/wp-json\/wp\/v2\/posts\/6095\/revisions"}],"predecessor-version":[{"id":6098,"href":"https:\/\/industrialchile.cl\/cl\/wp-json\/wp\/v2\/posts\/6095\/revisions\/6098"}],"wp:featuredmedia":[{"embeddable":true,"href":"https:\/\/industrialchile.cl\/cl\/wp-json\/wp\/v2\/media\/6097"}],"wp:attachment":[{"href":"https:\/\/industrialchile.cl\/cl\/wp-json\/wp\/v2\/media?parent=6095"}],"wp:term":[{"taxonomy":"category","embeddable":true,"href":"https:\/\/industrialchile.cl\/cl\/wp-json\/wp\/v2\/categories?post=6095"},{"taxonomy":"post_tag","embeddable":true,"href":"https:\/\/industrialchile.cl\/cl\/wp-json\/wp\/v2\/tags?post=6095"}],"curies":[{"name":"wp","href":"https:\/\/api.w.org\/{rel}","templated":true}]}}