{"id":6091,"date":"2018-06-11T09:16:02","date_gmt":"2018-06-11T13:16:02","guid":{"rendered":"http:\/\/industrialchile.cl\/cl\/?p=6091"},"modified":"2018-06-11T01:10:30","modified_gmt":"2018-06-11T05:10:30","slug":"constramet-por-salario-minimo-con-270-mil-pesos-no-alcanza-y-sigue-siendo-una-situacion-de-hambre","status":"publish","type":"post","link":"https:\/\/industrialchile.cl\/cl\/constramet-por-salario-minimo-con-270-mil-pesos-no-alcanza-y-sigue-siendo-una-situacion-de-hambre\/","title":{"rendered":"Constramet por salario m\u00ednimo: \u00abCon 270 mil pesos no alcanza y sigue siendo una situaci\u00f3n de hambre\u00bb"},"content":{"rendered":"<p>La semana pasada se iniciaron las conversaciones entre la Central Unitaria de Trabajadores y el Gobierno respecto al ajuste del salario m\u00ednimo para los pr\u00f3ximos cuatro a\u00f1os. A primera vista la negociaci\u00f3n se proyecta compleja el amplio margen entre ambas posturas.<\/p>\n<p>Al respecto, el presidente de Constramet, Horacio Fuentes, expresa que existe una \u00abpostura oficial\u00bb respecto del salario m\u00ednimo que no se quiere reformar y que tiene relaci\u00f3n con que \u00aben este tema se ha puesto como sacrosanto que el aumento del salario m\u00ednimo frena el crecimiento y eso es falso. Cuando este pa\u00eds crec\u00eda al 7% los salarios crec\u00edan solo 3,5%, lo que es una brecha importante\u00bb.<\/p>\n<p>\u00abEl problema de fondo es como distribuimos la riqueza y el salario m\u00ednimo pone un poco de justicia, pero no vemos una pol\u00edtica salarial acorde a la realidad del pa\u00eds\u00bb, sostiene Fuentes. Y agrega:\u00a0\u00abel salario m\u00ednimo siempre quedar\u00e1 corto. Con 270 mil pesos no alcanza y sigue siendo una situaci\u00f3n de hambre\u00bb.<\/p>\n<p>En este sentido el dirigente apunta al modelo laboral impuesto en el pa\u00eds a partir del c\u00f3digo laboral en 1981, por lo que establece que \u00abla pregunta es si sostendremos este crecimiento en funci\u00f3n de los abusos a los trabajadores y el salario m\u00ednimo debe discutirse bajo estos par\u00e1metros\u00bb.<\/p>\n<p><a href=\"http:\/\/industrialchile.cl\/cl\/wp-content\/uploads\/2018\/06\/sueldo.jpg\"><img loading=\"lazy\" decoding=\"async\" class=\"alignnone wp-image-6092 size-full\" src=\"http:\/\/industrialchile.cl\/cl\/wp-content\/uploads\/2018\/06\/sueldo.jpg\" alt=\"\" width=\"620\" height=\"415\" srcset=\"https:\/\/industrialchile.cl\/cl\/wp-content\/uploads\/2018\/06\/sueldo.jpg 620w, https:\/\/industrialchile.cl\/cl\/wp-content\/uploads\/2018\/06\/sueldo-300x201.jpg 300w, https:\/\/industrialchile.cl\/cl\/wp-content\/uploads\/2018\/06\/sueldo-110x75.jpg 110w\" sizes=\"auto, (max-width: 620px) 100vw, 620px\" \/><\/a><\/p>\n<p>De esta forma, Fuentes agrega que \u00abdebemos entender que el salario m\u00ednimo debe asegurar las m\u00ednimas necesidades. El discurso de que pone en peligro la inversi\u00f3n es una excusa\u00bb, junto a lo cual cree que\u00a0\u00abdebe haber un estudio sobre cuanto una familia trabajadora necesita en promedio, eso si queremos acortar la brecha de desigualdad. Si no se quiere, dejemos las cosas como est\u00e1n\u00bb.<\/p>\n<p>Finalmente, el presidente de Constramet cree que \u00abla CUT debe impulsar la defensa del valor del trabajo. Si entramos a discutir variables econ\u00f3mica perdemos el foco\u00bb.<\/p>\n<p>&nbsp;<\/p>\n","protected":false},"excerpt":{"rendered":"<p>La semana pasada se iniciaron las conversaciones entre la Central Unitaria de Trabajadores y el Gobierno respecto al ajuste del salario m\u00ednimo para los pr\u00f3ximos cuatro a\u00f1os. A primera vista la negociaci\u00f3n se proyecta compleja el amplio margen entre ambas posturas. Al respecto, el presidente de Constramet, Horacio Fuentes, expresa que existe una \u00abpostura oficial\u00bb &hellip;<\/p>\n","protected":false},"author":6,"featured_media":6092,"comment_status":"open","ping_status":"open","sticky":false,"template":"","format":"standard","meta":{"footnotes":""},"categories":[1,184],"tags":[211,219,242],"class_list":["post-6091","post","type-post","status-publish","format-standard","has-post-thumbnail","","category-noticias","category-portada","tag-constramet","tag-cut","tag-salario-minimo"],"_links":{"self":[{"href":"https:\/\/industrialchile.cl\/cl\/wp-json\/wp\/v2\/posts\/6091","targetHints":{"allow":["GET"]}}],"collection":[{"href":"https:\/\/industrialchile.cl\/cl\/wp-json\/wp\/v2\/posts"}],"about":[{"href":"https:\/\/industrialchile.cl\/cl\/wp-json\/wp\/v2\/types\/post"}],"author":[{"embeddable":true,"href":"https:\/\/industrialchile.cl\/cl\/wp-json\/wp\/v2\/users\/6"}],"replies":[{"embeddable":true,"href":"https:\/\/industrialchile.cl\/cl\/wp-json\/wp\/v2\/comments?post=6091"}],"version-history":[{"count":1,"href":"https:\/\/industrialchile.cl\/cl\/wp-json\/wp\/v2\/posts\/6091\/revisions"}],"predecessor-version":[{"id":6093,"href":"https:\/\/industrialchile.cl\/cl\/wp-json\/wp\/v2\/posts\/6091\/revisions\/6093"}],"wp:featuredmedia":[{"embeddable":true,"href":"https:\/\/industrialchile.cl\/cl\/wp-json\/wp\/v2\/media\/6092"}],"wp:attachment":[{"href":"https:\/\/industrialchile.cl\/cl\/wp-json\/wp\/v2\/media?parent=6091"}],"wp:term":[{"taxonomy":"category","embeddable":true,"href":"https:\/\/industrialchile.cl\/cl\/wp-json\/wp\/v2\/categories?post=6091"},{"taxonomy":"post_tag","embeddable":true,"href":"https:\/\/industrialchile.cl\/cl\/wp-json\/wp\/v2\/tags?post=6091"}],"curies":[{"name":"wp","href":"https:\/\/api.w.org\/{rel}","templated":true}]}}