{"id":6078,"date":"2018-06-04T09:00:10","date_gmt":"2018-06-04T13:00:10","guid":{"rendered":"http:\/\/industrialchile.cl\/cl\/?p=6078"},"modified":"2018-06-04T00:53:00","modified_gmt":"2018-06-04T04:53:00","slug":"presidenta-de-la-cut-barbara-figueroa-por-salario-minimo-no-vamos-a-aceptar-un-reajuste-de-menos-de-40-mil-en-18-meses","status":"publish","type":"post","link":"https:\/\/industrialchile.cl\/cl\/presidenta-de-la-cut-barbara-figueroa-por-salario-minimo-no-vamos-a-aceptar-un-reajuste-de-menos-de-40-mil-en-18-meses\/","title":{"rendered":"Presidenta de la CUT, B\u00e1rbara Figueroa por salario m\u00ednimo: \u201cNo vamos a aceptar un reajuste de menos de $40 mil en 18 meses\u201d"},"content":{"rendered":"<p>-A una semana desde que la Central Unitaria de Trabajadores (CUT) se sent\u00f3 a conversar con los ministerios de Hacienda y Trabajo por el reajuste del salario m\u00ednimo, cita en la que las autoridades de gobierno se mostraron abiertos a acordar un reajuste plurianual, la presidenta de la CUT, B\u00e1rbara Figueroa, plantea condiciones para ello. La principal: no modificar la reforma laboral.<\/p>\n<p><strong>\u00bfCu\u00e1les fueron los planteamientos de la reuni\u00f3n?<\/strong><\/p>\n<p>-Nos expresaron (ministros de Hacienda y Trabajo) la disposici\u00f3n de construir un acuerdo de m\u00e1s de un a\u00f1o, hablaron de la l\u00f3gica plurianual, sin un tiempo determinado. Esperar\u00eda tener un proceso de negociaci\u00f3n a m\u00e1s largo plazo y que no signifique negociar el pr\u00f3ximo a\u00f1o. Tambi\u00e9n se habl\u00f3 de distintos modelos: uno que diera cuenta de un crecimiento modesto y otro m\u00e1s sustantivo, con el fin de hacerse cargo de las distintas expectativas.<\/p>\n<p><strong>\u00bfEl factor de crecimiento econ\u00f3mico es importante?<\/strong><\/p>\n<p>-Apostamos por una pol\u00edtica de que el crecimiento de los salarios y un mundo del trabajo m\u00e1s robusto sea un dinamizador de la econom\u00eda, pero no al rev\u00e9s, porque si no siempre vamos a quedar limitados por las proyecciones. Nadie puede determinar cu\u00e1l ser\u00e1 el crecimiento efectivo de la econom\u00eda. Proyectar los salarios en funci\u00f3n de ello, es limitar excesivamente el debate del salario m\u00ednimo.<\/p>\n<p><strong>\u00bfCu\u00e1l es el piso con que llegan a esta negociaci\u00f3n?<\/strong><\/p>\n<p>-La \u00faltima vez la CUT negoci\u00f3, fue a 18 meses y no menos de $40 mil. Nunca vamos a apoyar un proceso de negociaci\u00f3n que reajuste en menos de lo que ya logramos, ser\u00eda ir en contra de lo que hemos postulado que tiene que ver con los pisos m\u00ednimos de la negociaci\u00f3n. En definitiva, no vamos a aceptar un reajuste de menos de $40 mil en 18 meses.<\/p>\n<p><a href=\"http:\/\/industrialchile.cl\/cl\/wp-content\/uploads\/2018\/06\/denuncia-agresion-contra-barbara-figueroa.jpg\"><img loading=\"lazy\" decoding=\"async\" class=\"alignnone wp-image-6079 size-full\" src=\"http:\/\/industrialchile.cl\/cl\/wp-content\/uploads\/2018\/06\/denuncia-agresion-contra-barbara-figueroa.jpg\" alt=\"\" width=\"750\" height=\"400\" srcset=\"https:\/\/industrialchile.cl\/cl\/wp-content\/uploads\/2018\/06\/denuncia-agresion-contra-barbara-figueroa.jpg 750w, https:\/\/industrialchile.cl\/cl\/wp-content\/uploads\/2018\/06\/denuncia-agresion-contra-barbara-figueroa-300x160.jpg 300w, https:\/\/industrialchile.cl\/cl\/wp-content\/uploads\/2018\/06\/denuncia-agresion-contra-barbara-figueroa-310x165.jpg 310w\" sizes=\"auto, (max-width: 750px) 100vw, 750px\" \/><\/a><\/p>\n<p><strong>\u00bfEs posible alcanzar un ingreso de $370 mil (ingreso \u00e9tico seg\u00fan expertos) durante esta administraci\u00f3n?<\/strong><\/p>\n<p>-Cuando la CUT dice que el salario m\u00ednimo debe permitir a los trabajadores superar la pobreza, estamos hablando de una cifra que est\u00e1 establecida, no es et\u00e9rea. Un n\u00facleo familiar de 4 personas con un solo trabajador, para superar la pobreza estamos hablando de entre $370 mil y $400 mil, lo que est\u00e1 muy en l\u00ednea con lo que se\u00f1alan los expertos.<\/p>\n<p><strong>\u00bfCu\u00e1les son las condiciones para llegar a un acuerdo?<\/strong><\/p>\n<p>-Este debate no est\u00e1 cerrado, pero para la CUT el objetivo principal es que el ingreso m\u00ednimo le permita a una familia superar la pobreza en Chile, y debatir esto en base a una pol\u00edtica salarial (corregir brechas, desigualdades y discriminaciones).<\/p>\n<p><strong>\u00bfTensiona el debate la reforma laboral?<\/strong><\/p>\n<p>-Nos parece complicado que se nos invite a un debate de salario m\u00ednimo, cuando se est\u00e1 instalando revisar el efectivo derecho a huelga. Cuando escuchamos al ministro del Trabajo se\u00f1alar que la huelga no debe paralizar o cuando dice que tenemos que revisar v\u00eda administrativa la situaci\u00f3n de los grupos negociadores, generamos distorsiones en el debate. El propio informe del Consejo Superior Laboral indica que la reforma s\u00f3lo podr\u00e1 ser motivo de un an\u00e1lisis m\u00e1s profundo cuando ya hayan pasado 3 a\u00f1os.<\/p>\n<p><strong>\u00bfC\u00f3mo ve el rol que est\u00e1 teniendo la Direcci\u00f3n del Trabajo?<\/strong><\/p>\n<p>-La DT tiene que tener por sobre todas las cosas un car\u00e1cter aut\u00f3nomo. No puede ser el brazo armado de los gobiernos de turno. Creo que lamentablemente hoy la DT est\u00e1 desfigurando ese rol y es peligroso. Lamentablemente, la DT est\u00e1 actuando al filo de la norma. No se puede suponer que sea pretexto de una interpretaci\u00f3n de incertidumbre de la nueva legislaci\u00f3n laboral, eso le d\u00e9 manga ancha de vulnerar el esp\u00edritu de la ley. Creo que ah\u00ed la DT est\u00e1 cometiendo un error f\u00e9rreo y est\u00e1 quedando en evidencia con los pronunciamientos de tribunales.<\/p>\n<p><strong>Dado este escenario, \u00bfen qu\u00e9 estado se encuentra la CUT?<\/strong><\/p>\n<p>-Es evidente que estamos en estado de alerta. Esto significa que no s\u00f3lo debemos estar alertas respecto a dict\u00e1menes, sino que tambi\u00e9n hacer presentaciones en tribunales cada vez que sea necesario y estaremos preparados para llegar hasta con acciones de movilizaci\u00f3n si as\u00ed se requiere.<\/p>\n<p><strong>\u00bfQu\u00e9 opina sobre la Cuenta P\u00fablica entregada por el Presidente Pi\u00f1era?<\/strong><\/p>\n<p>-Fue una cuenta en un tono soberbio y altanero que no se condice con el llamado a la unidad. Se llama a los acuerdos mientras se se\u00f1ala que ellos \u201cganaron para arrasar\u201d con lo que nunca estuvieron de acuerdo en los \u00faltimos cuatro a\u00f1os. Preocupa que un sector pol\u00edtico busque ganar una elecci\u00f3n presidencial con el \u00fanico objetivo de retrotraer las reformas del gobierno anterior. Si bien se destaca que no reducir\u00e1 los impuestos a las empresas, este anuncio se disminuye al ver que el control del mercado y del mundo del trabajo (empleos) le es entregado a ellos.<\/p>\n<p><strong>\u00bfEsperaba m\u00e1s en materia laboral?<\/strong><\/p>\n<p>-Este gobierno, con esta cuenta p\u00fablica, se aleja del mundo social y del mundo sindical. En materia laboral, no solo qued\u00f3 al debe el gobierno, las se\u00f1ales son muy preocupantes, pues se vuelve a la receta de los a\u00f1os 90, donde se apost\u00f3 en materia econ\u00f3mica, a la pol\u00edtica del chorreo; pol\u00edtica que fracas\u00f3 cuando tras a\u00f1os de crecimiento sostenido no se logr\u00f3 superar las desigualdades.<\/p>\n<p><strong>Y en cuanto a\u2026772 equidad de g\u00e9nero\u2026<\/strong><\/p>\n<p>Los anuncios no logran dar cuenta del desaf\u00edo de superar brecha de g\u00e9nero, y propuestas como el teletrabajo es insistir en m\u00e1s de lo mismo: la doble jornada (trabajo y casa) a costa de precarizaci\u00f3n.<\/p>\n<p>*Entrevista publicada en Pulso<\/p>\n","protected":false},"excerpt":{"rendered":"<p>-A una semana desde que la Central Unitaria de Trabajadores (CUT) se sent\u00f3 a conversar con los ministerios de Hacienda y Trabajo por el reajuste del salario m\u00ednimo, cita en la que las autoridades de gobierno se mostraron abiertos a acordar un reajuste plurianual, la presidenta de la CUT, B\u00e1rbara Figueroa, plantea condiciones para ello. &hellip;<\/p>\n","protected":false},"author":6,"featured_media":6079,"comment_status":"open","ping_status":"open","sticky":false,"template":"","format":"standard","meta":{"footnotes":""},"categories":[1,184],"tags":[211,219,241,242],"class_list":["post-6078","post","type-post","status-publish","format-standard","has-post-thumbnail","","category-noticias","category-portada","tag-constramet","tag-cut","tag-gobierno","tag-salario-minimo"],"_links":{"self":[{"href":"https:\/\/industrialchile.cl\/cl\/wp-json\/wp\/v2\/posts\/6078","targetHints":{"allow":["GET"]}}],"collection":[{"href":"https:\/\/industrialchile.cl\/cl\/wp-json\/wp\/v2\/posts"}],"about":[{"href":"https:\/\/industrialchile.cl\/cl\/wp-json\/wp\/v2\/types\/post"}],"author":[{"embeddable":true,"href":"https:\/\/industrialchile.cl\/cl\/wp-json\/wp\/v2\/users\/6"}],"replies":[{"embeddable":true,"href":"https:\/\/industrialchile.cl\/cl\/wp-json\/wp\/v2\/comments?post=6078"}],"version-history":[{"count":1,"href":"https:\/\/industrialchile.cl\/cl\/wp-json\/wp\/v2\/posts\/6078\/revisions"}],"predecessor-version":[{"id":6080,"href":"https:\/\/industrialchile.cl\/cl\/wp-json\/wp\/v2\/posts\/6078\/revisions\/6080"}],"wp:featuredmedia":[{"embeddable":true,"href":"https:\/\/industrialchile.cl\/cl\/wp-json\/wp\/v2\/media\/6079"}],"wp:attachment":[{"href":"https:\/\/industrialchile.cl\/cl\/wp-json\/wp\/v2\/media?parent=6078"}],"wp:term":[{"taxonomy":"category","embeddable":true,"href":"https:\/\/industrialchile.cl\/cl\/wp-json\/wp\/v2\/categories?post=6078"},{"taxonomy":"post_tag","embeddable":true,"href":"https:\/\/industrialchile.cl\/cl\/wp-json\/wp\/v2\/tags?post=6078"}],"curies":[{"name":"wp","href":"https:\/\/api.w.org\/{rel}","templated":true}]}}