{"id":6066,"date":"2018-05-29T17:45:49","date_gmt":"2018-05-29T21:45:49","guid":{"rendered":"http:\/\/industrialchile.cl\/cl\/?p=6066"},"modified":"2018-05-29T18:24:37","modified_gmt":"2018-05-29T22:24:37","slug":"informamos-de-las-jornadas-de-capacitacion-durante-el-mes-de-junio","status":"publish","type":"post","link":"https:\/\/industrialchile.cl\/cl\/informamos-de-las-jornadas-de-capacitacion-durante-el-mes-de-junio\/","title":{"rendered":"Informamos de las jornadas de capacitaci\u00f3n durante el mes de Junio"},"content":{"rendered":"<p>El departamento de <strong>Formaci\u00f3n y Capacitaci\u00f3n Sindical de Industrial Chile Constramet<\/strong>, saluda cordialmente a los dirigentes, socios y\u00a0 trabajadores en general \u00a0y adem\u00e1s comunica lo siguiente:<\/p>\n<p>Industrial Chile Constramet, como ha sido su norma quiere invitarte a participar \u00a0en el ciclo de capacitaci\u00f3n y formaci\u00f3n sindical a\u00f1o 2018.<\/p>\n<p>A continuaci\u00f3n entregamos calendario de capacitaci\u00f3n, con temas y expositores para los mes\u00a0de junio<\/p>\n<p><a href=\"http:\/\/industrialchile.cl\/cl\/wp-content\/uploads\/2015\/01\/logo2.png\"><img loading=\"lazy\" decoding=\"async\" class=\"alignnone wp-image-4384 size-full\" src=\"http:\/\/industrialchile.cl\/cl\/wp-content\/uploads\/2015\/01\/logo2.png\" alt=\"\" width=\"400\" height=\"160\" srcset=\"https:\/\/industrialchile.cl\/cl\/wp-content\/uploads\/2015\/01\/logo2.png 400w, https:\/\/industrialchile.cl\/cl\/wp-content\/uploads\/2015\/01\/logo2-300x120.png 300w\" sizes=\"auto, (max-width: 400px) 100vw, 400px\" \/><\/a><\/p>\n<p><strong>05 de junio 15:00 \u2013 18:30<\/strong><\/p>\n<p>Aspectos legales de la Negociaci\u00f3n Colectiva<\/p>\n<p>Expositor: Miguel Soto Roa, Egresado de Derecho, Dirigente Nacional CONSTRAMET.<\/p>\n<p>&nbsp;<\/p>\n<p><strong>12 de junio 15:00 \u2013 18:30<\/strong><\/p>\n<p>El proceso legal de la Negociaci\u00f3n Colectiva (Presentaci\u00f3n, Conversaci\u00f3n, Firma Acuerdo, Huelga).<\/p>\n<p>Expositor: Miguel Soto Roa, Egresado de Derecho, Dirigente Nacional CONSTRAMET.<\/p>\n<p>&nbsp;<\/p>\n<p><strong>19 de junio 15:00 \u2013 18:30<\/strong><\/p>\n<p>La Negociaci\u00f3n Colectiva desde el punto de vista de los trabajadores.<\/p>\n<p>Expositor: Jorge Murua Saavedra, Presidente SIME, Dirigente Nacional CONSTRAMET.<\/p>\n<p><strong>26 de junio 15:00 \u2013 18:30<\/strong><\/p>\n<p>Forma Pr\u00e1ctica de la Negociaci\u00f3n Colectiva.<\/p>\n<p>Expositor: Jorge Murua Saavedra, Presidente SIME, Dirigente Nacional CONSTRAMET.<\/p>\n<p>&nbsp;<\/p>\n<p>Como es costumbre de nuestro departamento, en estas capacitaciones otorgaremos una colaci\u00f3n, y adem\u00e1s reiteramos que pueden participar gratuitamente los dirigentes, delegados, y trabajadores en general, estas capacitaciones est\u00e1n abiertos a cualquier trabajador que necesite a prender y saber defender sus derechos.<\/p>\n","protected":false},"excerpt":{"rendered":"<p>El departamento de Formaci\u00f3n y Capacitaci\u00f3n Sindical de Industrial Chile Constramet, saluda cordialmente a los dirigentes, socios y\u00a0 trabajadores en general \u00a0y adem\u00e1s comunica lo siguiente: Industrial Chile Constramet, como ha sido su norma quiere invitarte a participar \u00a0en el ciclo de capacitaci\u00f3n y formaci\u00f3n sindical a\u00f1o 2018. A continuaci\u00f3n entregamos calendario de capacitaci\u00f3n, con &hellip;<\/p>\n","protected":false},"author":6,"featured_media":6068,"comment_status":"open","ping_status":"open","sticky":false,"template":"","format":"standard","meta":{"footnotes":""},"categories":[1,184],"tags":[227,211],"class_list":["post-6066","post","type-post","status-publish","format-standard","has-post-thumbnail","","category-noticias","category-portada","tag-capacitacion","tag-constramet"],"_links":{"self":[{"href":"https:\/\/industrialchile.cl\/cl\/wp-json\/wp\/v2\/posts\/6066","targetHints":{"allow":["GET"]}}],"collection":[{"href":"https:\/\/industrialchile.cl\/cl\/wp-json\/wp\/v2\/posts"}],"about":[{"href":"https:\/\/industrialchile.cl\/cl\/wp-json\/wp\/v2\/types\/post"}],"author":[{"embeddable":true,"href":"https:\/\/industrialchile.cl\/cl\/wp-json\/wp\/v2\/users\/6"}],"replies":[{"embeddable":true,"href":"https:\/\/industrialchile.cl\/cl\/wp-json\/wp\/v2\/comments?post=6066"}],"version-history":[{"count":1,"href":"https:\/\/industrialchile.cl\/cl\/wp-json\/wp\/v2\/posts\/6066\/revisions"}],"predecessor-version":[{"id":6067,"href":"https:\/\/industrialchile.cl\/cl\/wp-json\/wp\/v2\/posts\/6066\/revisions\/6067"}],"wp:featuredmedia":[{"embeddable":true,"href":"https:\/\/industrialchile.cl\/cl\/wp-json\/wp\/v2\/media\/6068"}],"wp:attachment":[{"href":"https:\/\/industrialchile.cl\/cl\/wp-json\/wp\/v2\/media?parent=6066"}],"wp:term":[{"taxonomy":"category","embeddable":true,"href":"https:\/\/industrialchile.cl\/cl\/wp-json\/wp\/v2\/categories?post=6066"},{"taxonomy":"post_tag","embeddable":true,"href":"https:\/\/industrialchile.cl\/cl\/wp-json\/wp\/v2\/tags?post=6066"}],"curies":[{"name":"wp","href":"https:\/\/api.w.org\/{rel}","templated":true}]}}