{"id":5899,"date":"2018-03-21T22:03:03","date_gmt":"2018-03-22T01:03:03","guid":{"rendered":"http:\/\/industrialchile.cl\/cl\/?p=5899"},"modified":"2018-03-21T22:03:03","modified_gmt":"2018-03-22T01:03:03","slug":"constramet-invita-a-participar-en-la-marcha-por-la-recuperacion-del-litio","status":"publish","type":"post","link":"https:\/\/industrialchile.cl\/cl\/constramet-invita-a-participar-en-la-marcha-por-la-recuperacion-del-litio\/","title":{"rendered":"Constramet invita a participar en la Marcha por la Recuperaci\u00f3n del Litio"},"content":{"rendered":"<p>El presidente de Constramet, Horacio Fuentes, convoc\u00f3 a los miembros de la organizaci\u00f3n y a los trabajadores en general a participar en la marcha de este jueves 22 de marzo, a las 18.30 horas en Plaza Italia, convocada por el Movimiento Litio para Chile.<\/p>\n<p>La manifestaci\u00f3n se da en rechazo al acuerdo Corfo-SQM y busca visibilizar la demanda de recuperar tanto el litio como otras riquezas b\u00e1sicas que se encuentran administradas por privados.<\/p>\n<p>En este sentido, Fuentes se\u00f1al\u00f3 que \u00abes de suma importancia manifestarse para recuperar esta riqueza b\u00e1sica que puede ayudar para tener derechos garantizados\u00bb.<\/p>\n<p>\u00abEstamos invitados a participar activamente en esta tarea de recuperaci\u00f3n de la soberan\u00eda de nuestros recursos b\u00e1sicos\u00bb, finaliz\u00f3 el presidente de Constramet.<\/p>\n<p>&nbsp;<\/p>\n<p>&nbsp;<\/p>\n<p>https:\/\/www.facebook.com\/constramet\/videos\/1690957080995949\/<\/p>\n","protected":false},"excerpt":{"rendered":"<p>El presidente de Constramet, Horacio Fuentes, convoc\u00f3 a los miembros de la organizaci\u00f3n y a los trabajadores en general a participar en la marcha de este jueves 22 de marzo, a las 18.30 horas en Plaza Italia, convocada por el Movimiento Litio para Chile. La manifestaci\u00f3n se da en rechazo al acuerdo Corfo-SQM y busca &hellip;<\/p>\n","protected":false},"author":6,"featured_media":5900,"comment_status":"open","ping_status":"open","sticky":false,"template":"","format":"standard","meta":{"footnotes":""},"categories":[1,184,183,161],"tags":[223],"class_list":["post-5899","post","type-post","status-publish","format-standard","has-post-thumbnail","","category-noticias","category-portada","category-reformas","category-zonalcentro","tag-litio-para-chile"],"_links":{"self":[{"href":"https:\/\/industrialchile.cl\/cl\/wp-json\/wp\/v2\/posts\/5899","targetHints":{"allow":["GET"]}}],"collection":[{"href":"https:\/\/industrialchile.cl\/cl\/wp-json\/wp\/v2\/posts"}],"about":[{"href":"https:\/\/industrialchile.cl\/cl\/wp-json\/wp\/v2\/types\/post"}],"author":[{"embeddable":true,"href":"https:\/\/industrialchile.cl\/cl\/wp-json\/wp\/v2\/users\/6"}],"replies":[{"embeddable":true,"href":"https:\/\/industrialchile.cl\/cl\/wp-json\/wp\/v2\/comments?post=5899"}],"version-history":[{"count":1,"href":"https:\/\/industrialchile.cl\/cl\/wp-json\/wp\/v2\/posts\/5899\/revisions"}],"predecessor-version":[{"id":5901,"href":"https:\/\/industrialchile.cl\/cl\/wp-json\/wp\/v2\/posts\/5899\/revisions\/5901"}],"wp:featuredmedia":[{"embeddable":true,"href":"https:\/\/industrialchile.cl\/cl\/wp-json\/wp\/v2\/media\/5900"}],"wp:attachment":[{"href":"https:\/\/industrialchile.cl\/cl\/wp-json\/wp\/v2\/media?parent=5899"}],"wp:term":[{"taxonomy":"category","embeddable":true,"href":"https:\/\/industrialchile.cl\/cl\/wp-json\/wp\/v2\/categories?post=5899"},{"taxonomy":"post_tag","embeddable":true,"href":"https:\/\/industrialchile.cl\/cl\/wp-json\/wp\/v2\/tags?post=5899"}],"curies":[{"name":"wp","href":"https:\/\/api.w.org\/{rel}","templated":true}]}}