{"id":5634,"date":"2017-07-20T12:37:31","date_gmt":"2017-07-20T16:37:31","guid":{"rendered":"http:\/\/industrialchile.cl\/cl\/?p=5634"},"modified":"2017-07-20T12:48:15","modified_gmt":"2017-07-20T16:48:15","slug":"diputado-nunez-pc-anuncia-acciones-para-impedir-reglamento-que-facilita-a-mineras-privadas-explotar-litio","status":"publish","type":"post","link":"https:\/\/industrialchile.cl\/cl\/diputado-nunez-pc-anuncia-acciones-para-impedir-reglamento-que-facilita-a-mineras-privadas-explotar-litio\/","title":{"rendered":"Diputado Nu\u00f1ez (PC) anuncia acciones para impedir reglamento que facilita a mineras privadas explotar litio"},"content":{"rendered":"<p><strong>\u00abNo podemos seguir el camino de las privatizaciones del litio que intent\u00f3 hacer el gobierno de Pi\u00f1era. Nos opondremos rotundamente al reglamento, porque posterga el rol preponderante que debe ejercer el Estado en la explotaci\u00f3n del mineral\u00bb, sostuvo el diputado.<\/strong><\/p>\n<p>El <strong>diputado PC Daniel N\u00fa\u00f1ez<\/strong> junto al coordinador del <strong>Movimiento Litio para Chile<\/strong>, <strong>Miguel Soto<\/strong>, manifestaron su rechazo a que el Ministerio de Miner\u00eda realice asignaciones directas para que privados exploten el litio y anunciaron una serie de acciones para impedir la puesta en marcha del reglamento que prepara la autoridad.<\/p>\n<p>En la organizaci\u00f3n se encendieron las alertas luego que el <strong>subsecretario de Miner\u00eda, Erick Schnake<\/strong>, adelantara que el gobierno trabaja en la redacci\u00f3n de un reglamento que facilite, v\u00eda <strong>Contrato Especial de Operaci\u00f3n de Litio (CEOL)<\/strong>, a que las empresas privadas usufructen del mineral no met\u00e1lico. La autoridad agreg\u00f3 que dicha normativa estar\u00eda lista hacia fines de este a\u00f1o.<\/p>\n<p>El parlamentario afirm\u00f3 que la opci\u00f3n que se baraja desde el <strong>Ministerio de Miner\u00eda<\/strong> es una pol\u00edtica p\u00fablica que sigue los pasos del <strong>Gobierno de Sebasti\u00e1n Pi\u00f1era<\/strong>, quien el 2012 impuls\u00f3 un fallido <strong>CEOL con Soquimich<\/strong>.<\/p>\n<p><strong><em>\u201cSeguir utilizando los Contratos Especiales de Operaci\u00f3n del Litio (CEOL) es justamente lo que no hay que hacer. No podemos seguir el camino de las privatizaciones del litio que intent\u00f3 hacer el gobierno de Pi\u00f1era. Nos opondremos rotundamente al reglamento, porque posterga el rol preponderante que debe ejercer el Estado en la explotaci\u00f3n del mineral\u201d<\/em><\/strong>, enfatiz\u00f3 N\u00fa\u00f1ez.<\/p>\n<p>El diputado, asimismo, ingres\u00f3 un oficio en el que solicita al subsecretario de Miner\u00eda que detalle los fundamentos para redactar un reglamento especial, por qu\u00e9 no envi\u00f3 un proyecto de ley al Congreso y que informe con qu\u00e9 empresas ha tratado el tema.<\/p>\n<p><em><strong>\u201cEl litio es un recurso muy estrat\u00e9gico para Chile. Sin perjuicio de las facultades que tiene el ministerio de Miner\u00eda, es en el Congreso donde debemos debatir y resolver leyes para que la explotaci\u00f3n del litio sea beneficioso para el Estado y no para un grupo de privados.\u201d<\/strong><\/em>, recalc\u00f3 N\u00fa\u00f1ez.<\/p>\n<p>Para el coordinador del Movimiento Litio Para Chile y dirigente sindical de Constramet, el ministerio de Miner\u00eda no puede seguir privatizando el mineral no met\u00e1lico a trav\u00e9s de los Contratos Especiales de Operaci\u00f3n del Litio (CEOL).<\/p>\n<p><em><strong>\u201cEs una aberraci\u00f3n seguir con los CEOL, ya que as\u00ed nunca saldremos del subdesarrollo y jam\u00e1s el Estado pondr\u00e1 en marcha la creaci\u00f3n de una empresa estatal. Chile necesita una pol\u00edtica p\u00fablica que entregue un rol fundamental al estado en la explotaci\u00f3n, industrializaci\u00f3n y valor agregado del litio. No podemos seguir entreg\u00e1ndolo a privados y a las trasnacionales. No permitiremos que avance el reglamento de Miner\u00eda\u201d<\/strong><\/em>, expres\u00f3 Soto.<\/p>\n<p>En noviembre del a\u00f1o 2016, dirigentes del movimiento Litio para Chile y el diputado N\u00fa\u00f1ez se reunieron con el subsecretario Schnake para pedirle que no autorizara un CEOL a la empresa privada Minera Salar Blanco, propiedad de Mart\u00edn Borda, en el Salar de Maricunga, ya que entorpecer\u00eda el ingreso que tiene programado Codelco.<\/p>\n<p>En abril de este a\u00f1o, la Ministra de Miner\u00eda, Aurora Williams, respondi\u00f3 un oficio del diputado N\u00fa\u00f1ez en el que informa que Salar Blanco desisti\u00f3 de la solicitud de CEOL.<\/p>\n<p><strong>Soto inform\u00f3 que este viernes 15 de julio se constituir\u00e1 en Concepci\u00f3n el Movimiento litio para Chile.<\/strong> <strong>La actividad ser\u00e1 a las 16 horas en la Fundaci\u00f3n Fernando \u00c1lvarez, calle Serrano 746.<\/strong><\/p>\n<p>El <strong>Movimiento Litio para Chile<\/strong> realiza una campa\u00f1a de recolecci\u00f3n de firma para crear una empresa estatal del litio. La organizaci\u00f3n defini\u00f3 para el lunes 7 de agosto una jornada nacional de adhesiones en plazas, paseos peatonales, universidades, sindicatos y juntas de vecinos.<\/p>\n<p>Fuente: El Mostrador \/ 13 de Julio de 2017<\/p>\n","protected":false},"excerpt":{"rendered":"<p>\u00abNo podemos seguir el camino de las privatizaciones del litio que intent\u00f3 hacer el gobierno de Pi\u00f1era. Nos opondremos rotundamente al reglamento, porque posterga el rol preponderante que debe ejercer el Estado en la explotaci\u00f3n del mineral\u00bb, sostuvo el diputado. El diputado PC Daniel N\u00fa\u00f1ez junto al coordinador del Movimiento Litio para Chile, Miguel Soto, &hellip;<\/p>\n","protected":false},"author":1,"featured_media":5635,"comment_status":"open","ping_status":"open","sticky":false,"template":"","format":"standard","meta":{"footnotes":""},"categories":[187,1,184],"tags":[],"class_list":["post-5634","post","type-post","status-publish","format-standard","has-post-thumbnail","","category-litio","category-noticias","category-portada"],"_links":{"self":[{"href":"https:\/\/industrialchile.cl\/cl\/wp-json\/wp\/v2\/posts\/5634","targetHints":{"allow":["GET"]}}],"collection":[{"href":"https:\/\/industrialchile.cl\/cl\/wp-json\/wp\/v2\/posts"}],"about":[{"href":"https:\/\/industrialchile.cl\/cl\/wp-json\/wp\/v2\/types\/post"}],"author":[{"embeddable":true,"href":"https:\/\/industrialchile.cl\/cl\/wp-json\/wp\/v2\/users\/1"}],"replies":[{"embeddable":true,"href":"https:\/\/industrialchile.cl\/cl\/wp-json\/wp\/v2\/comments?post=5634"}],"version-history":[{"count":1,"href":"https:\/\/industrialchile.cl\/cl\/wp-json\/wp\/v2\/posts\/5634\/revisions"}],"predecessor-version":[{"id":5636,"href":"https:\/\/industrialchile.cl\/cl\/wp-json\/wp\/v2\/posts\/5634\/revisions\/5636"}],"wp:featuredmedia":[{"embeddable":true,"href":"https:\/\/industrialchile.cl\/cl\/wp-json\/wp\/v2\/media\/5635"}],"wp:attachment":[{"href":"https:\/\/industrialchile.cl\/cl\/wp-json\/wp\/v2\/media?parent=5634"}],"wp:term":[{"taxonomy":"category","embeddable":true,"href":"https:\/\/industrialchile.cl\/cl\/wp-json\/wp\/v2\/categories?post=5634"},{"taxonomy":"post_tag","embeddable":true,"href":"https:\/\/industrialchile.cl\/cl\/wp-json\/wp\/v2\/tags?post=5634"}],"curies":[{"name":"wp","href":"https:\/\/api.w.org\/{rel}","templated":true}]}}