{"id":5568,"date":"2017-05-04T10:54:51","date_gmt":"2017-05-04T14:54:51","guid":{"rendered":"http:\/\/industrialchile.cl\/cl\/?p=5568"},"modified":"2017-05-04T10:54:51","modified_gmt":"2017-05-04T14:54:51","slug":"cut-firma-convenio-a-favor-de-las-y-los-trabajadores-migrantes","status":"publish","type":"post","link":"https:\/\/industrialchile.cl\/cl\/cut-firma-convenio-a-favor-de-las-y-los-trabajadores-migrantes\/","title":{"rendered":"CUT firma convenio a favor de las y los trabajadores migrantes"},"content":{"rendered":"<p>En una firma conjunta entre las principales Centrales, CUT, CAT y UNT, acuerdan convenio con la Direcci\u00f3n del Trabajo (DT), en un esfuerzo por terminar con la precarizaci\u00f3n y la informalidad que afecta a trabajadoras y trabajadores extranjeros.<\/p>\n<p>En las dependencias de la DT, y bajo el apoyo de la OIT, la CUT en conjunto con las otras centrales, suscribieron acuerdo con la Direcci\u00f3n del Trabajo el trabajo conjunto para mejorar las condiciones de trabajo de las y los migrantes, quienes sufren mayor precarizaci\u00f3n laboral que el trabajador nacional, y que hoy representan a un importante n\u00famero de trabajadores informales.<\/p>\n<p>La firma del convenio cont\u00f3 con la presencias adem\u00e1s de representantes del Ministerio del Trabajo y Previsi\u00f3n Social, con dirigentes de las secretarias migrantes como lo es Patricia Co\u00f1oman de la CUT, y de la OIT, quien tendr\u00e1 un rol preponderante en iniciativas y coordinaciones de este espacio entre las Centrales y la DT.<\/p>\n<p>Desde la OIT destacan el trabajo que han desarrollado con las Centrales, y que esta semana tiene su primer hito en la ciudad de Arica, y que se desplegar\u00e1 en cinco ciudades del pa\u00eds, donde, en jornadas de di\u00e1logo, se profundizar\u00e1 sobre la importancia de la fiscalizaci\u00f3n y la sociabilizaci\u00f3n necesaria de las normas laborales en las y los trabajadores migrantes, as\u00ed como las condiciones laborales y las visiones del mundo sindical al respecto.<\/p>\n<p>La presidente de la CUT, manifest\u00f3 que \u201cindependientemente de las caracter\u00edsticas de nuestras organizaciones, asumimos las tem\u00e1ticas del mundo del trabajo con este nivel de relevancia, que es que tenemos que actuar unidos para ir en la defensa de los intereses de los trabajadores y trabajadoras, sobre todo cuando no son nacionales con las implicancias que hoy conocemos\u201d.<\/p>\n<p>Agregando que \u201chay un abuso de firma de contratos precarios, y de malas condiciones laborales para los migrantes, por ello es relevante y se agradece la firma de este convenio y la disposici\u00f3n que tiene la DT para asumir este desaf\u00edo\u201d.<\/p>\n<p>Por su parte el director del Trabajo, Christian Melis, enfatiz\u00f3 que el \u00bb el nivel de crecimiento de la poblaci\u00f3n migrante nos motiva a ser cada vez m\u00e1s proactivos en nuestros planes e iniciativas para protegerla de abusos\u00bb.<\/p>\n","protected":false},"excerpt":{"rendered":"<p>En una firma conjunta entre las principales Centrales, CUT, CAT y UNT, acuerdan convenio con la Direcci\u00f3n del Trabajo (DT), en un esfuerzo por terminar con la precarizaci\u00f3n y la informalidad que afecta a trabajadoras y trabajadores extranjeros. En las dependencias de la DT, y bajo el apoyo de la OIT, la CUT en conjunto &hellip;<\/p>\n","protected":false},"author":5,"featured_media":5569,"comment_status":"open","ping_status":"open","sticky":false,"template":"","format":"standard","meta":{"footnotes":""},"categories":[170,175,1,184],"tags":[],"class_list":["post-5568","post","type-post","status-publish","format-standard","has-post-thumbnail","","category-capacitacion","category-contenidos","category-noticias","category-portada"],"_links":{"self":[{"href":"https:\/\/industrialchile.cl\/cl\/wp-json\/wp\/v2\/posts\/5568","targetHints":{"allow":["GET"]}}],"collection":[{"href":"https:\/\/industrialchile.cl\/cl\/wp-json\/wp\/v2\/posts"}],"about":[{"href":"https:\/\/industrialchile.cl\/cl\/wp-json\/wp\/v2\/types\/post"}],"author":[{"embeddable":true,"href":"https:\/\/industrialchile.cl\/cl\/wp-json\/wp\/v2\/users\/5"}],"replies":[{"embeddable":true,"href":"https:\/\/industrialchile.cl\/cl\/wp-json\/wp\/v2\/comments?post=5568"}],"version-history":[{"count":1,"href":"https:\/\/industrialchile.cl\/cl\/wp-json\/wp\/v2\/posts\/5568\/revisions"}],"predecessor-version":[{"id":5570,"href":"https:\/\/industrialchile.cl\/cl\/wp-json\/wp\/v2\/posts\/5568\/revisions\/5570"}],"wp:featuredmedia":[{"embeddable":true,"href":"https:\/\/industrialchile.cl\/cl\/wp-json\/wp\/v2\/media\/5569"}],"wp:attachment":[{"href":"https:\/\/industrialchile.cl\/cl\/wp-json\/wp\/v2\/media?parent=5568"}],"wp:term":[{"taxonomy":"category","embeddable":true,"href":"https:\/\/industrialchile.cl\/cl\/wp-json\/wp\/v2\/categories?post=5568"},{"taxonomy":"post_tag","embeddable":true,"href":"https:\/\/industrialchile.cl\/cl\/wp-json\/wp\/v2\/tags?post=5568"}],"curies":[{"name":"wp","href":"https:\/\/api.w.org\/{rel}","templated":true}]}}