{"id":5522,"date":"2017-04-06T12:15:50","date_gmt":"2017-04-06T15:15:50","guid":{"rendered":"http:\/\/industrialchile.cl\/cl\/?p=5522"},"modified":"2017-04-06T12:15:50","modified_gmt":"2017-04-06T15:15:50","slug":"votacion-electronica-auditorias-externas-y-padron-electoral-trasparente-marcan-las-elecciones-de-la-cut-del-20-de-abril","status":"publish","type":"post","link":"https:\/\/industrialchile.cl\/cl\/votacion-electronica-auditorias-externas-y-padron-electoral-trasparente-marcan-las-elecciones-de-la-cut-del-20-de-abril\/","title":{"rendered":"Votaci\u00f3n electr\u00f3nica, auditor\u00edas externas y padr\u00f3n electoral trasparente marcan las elecciones de la CUT del 20 de Abril."},"content":{"rendered":"<p>Cuando faltan d\u00edas para las elecciones de la CUT, las que se desarrollaran el pr\u00f3ximo jueves 20 de abril, los antecedente que enmarcan el proceso parecen no concordar con las cr\u00edticas vertidas por algunos sectores ligados al ex presidente de la multisindical Arturo Mart\u00ednez y otros sectores.<\/p>\n<p>&nbsp;<\/p>\n<p>Las \u00faltimas elecciones de la organizaci\u00f3n estuvieron marcadas por la falta de transparencia del llamado Padr\u00f3n Electoral, el que seg\u00fan concordaron dirigentes de distintos sectores habr\u00eda sido adulterado. Dicho padr\u00f3n se encontraba a cargo del otrora dirigente de la Central Arturo Mart\u00ednez, quien hoy figura alzando la voz endos\u00e1ndoles a otros dirigentes la responsabilidad por dicha falta de transparencia.<\/p>\n<p>&nbsp;<\/p>\n<p>Para el dirigente de Industrial Chile (Constramet) Miguel Soto, quien fue apoderado en el proceso electoral\u00a0\u201cno existe discusi\u00f3n de que la responsabilidad mayor es de Arturo Martinez, quien ten\u00eda la mayor\u00eda absoluta del Colegio Electoral y no acepto ninguna de las observaciones y objeciones de las dem\u00e1s listas participantes\u201d, se\u00f1ala.<\/p>\n<p>&nbsp;<\/p>\n<p>\u201cEl \u00faltimo proceso de eleccionario\u00a0de la CUT, la directiva actual se vio en la necesidad de salir al paso para transparentar un proceso que a todas luces estaba viciado y no admit\u00eda un m\u00ednimo de transparencia, la directiva actual encabezada por B\u00e1rbara Figueroa\u00a0 asumi\u00f3 transitoriamente la presidencia denunciando la alteraci\u00f3n de los Padrones, el resultado ahora es otro, existe un padr\u00f3n electoral que est\u00e1 en la p\u00e1gina de la CUT, es transparente y donde pueden participar todos las organizaciones sindicales que cumplen los requisitos legales y tengan sus cotizaciones al d\u00eda, todo esto junto con auditor\u00edas externas para que no exista manto de duda de la integridad que hoy reina en la CUT \u201d.<\/p>\n<p>&nbsp;<\/p>\n<p>En las pr\u00f3ximas elecciones podr\u00e1n participar todas las organizaciones sindicales que se encuentren con sus cotizaciones al d\u00eda, a diferencia de elecciones pasadas donde se permit\u00eda que las organizaciones se pusieran al d\u00eda solo pagando \u00a0los \u00faltimos tres meses, lo que provocaba una distorsi\u00f3n en el padr\u00f3n y un aprovechamiento, a\u00f1ade el dirigente.<\/p>\n<p>&nbsp;<\/p>\n<p>Consultado por el cuestionamiento de algunos dirigentes frente a la postergaci\u00f3n de las elecciones universales, Soto se\u00f1alo que ese fue un acuerdo del\u00a0Congreso\u00a0y \u201cse llev\u00f3 a cabo con toda la responsabilidad, la votaci\u00f3n se realiz\u00f3 a mano alzada\u00a0(votaci\u00f3n econ\u00f3mica)\u00a0por porque era la \u00fanica forma de sacar un acuerdo para que las pr\u00f3ximas elecciones del 2020 \u00a0fueran con votaci\u00f3n universal, es decir un trabajador un voto\u201d,\u00a0de lo contrario no abr\u00eda reforma de estatutos y nos quedar\u00edamos nuevamente como ocurri\u00f3 en congresos anteriores sin votaci\u00f3n universal,\u00a0sostiene el dirigente.<\/p>\n<p>&nbsp;<\/p>\n<p>Industrial Chile (Constramet) es la \u00fanica confederaci\u00f3n que realiza votaciones universales, una experiencia que la CUT viene monitoreando hace un tiempo para adquirir la experiencia en dicho proceso.<\/p>\n<p>&nbsp;<\/p>\n<p>\u201cLa CUT nos hiso llegar una invitaci\u00f3n para contarles acerca de nuestra experiencia y en eso estamos, a m\u00ed me parece que la gesti\u00f3n que ha desarrollado B\u00e1rbara Figueroa ha estado marcada por fortalecer la CUT, enfrento una Reforma Laboral, donde la derecha junto a sectores de la misma Nueva Mayor\u00eda la torpedearon, incluso la derecha recurriendo al Tribunal Constitucional, B\u00e1rbara ha debido dar la cara a un proceso deslegitimado y corrupto\u00a0que ahora quieren\u00a0endos\u00e1rselo a ella, junto con ataques de otros sectores que ven el oportunismo como arma legitima para ganar terreno o posiciones pol\u00edticas y con una cobertura de los medios de comunicaci\u00f3n inusual, imag\u00ednate que en El Mostrador entrevistan a una seria de actores sindicales que pesan muy poco en cuanto a su representaci\u00f3n, pero a la presidenta de la CUT ni siquiera le consultan para contrarrestar los argumentos falaces vertidos en dicho portal electr\u00f3nico, se trata del mismo portal electr\u00f3nico que no trepido en atacar por bombos y platillos a Arturo Mart\u00ednez y ahora ataca a B\u00e1rbara en forma desprolija con el ejercicio del periodismo, para mi queda m\u00e1s que claro que se trata de un maniobra para debilitar en sindicalismo y la CUT\u201d.<\/p>\n<p>&nbsp;<\/p>\n","protected":false},"excerpt":{"rendered":"<p>Cuando faltan d\u00edas para las elecciones de la CUT, las que se desarrollaran el pr\u00f3ximo jueves 20 de abril, los antecedente que enmarcan el proceso parecen no concordar con las cr\u00edticas vertidas por algunos sectores ligados al ex presidente de la multisindical Arturo Mart\u00ednez y otros sectores. &nbsp; Las \u00faltimas elecciones de la organizaci\u00f3n estuvieron &hellip;<\/p>\n","protected":false},"author":5,"featured_media":5044,"comment_status":"open","ping_status":"open","sticky":false,"template":"","format":"standard","meta":{"footnotes":""},"categories":[1,184],"tags":[],"class_list":["post-5522","post","type-post","status-publish","format-standard","has-post-thumbnail","","category-noticias","category-portada"],"_links":{"self":[{"href":"https:\/\/industrialchile.cl\/cl\/wp-json\/wp\/v2\/posts\/5522","targetHints":{"allow":["GET"]}}],"collection":[{"href":"https:\/\/industrialchile.cl\/cl\/wp-json\/wp\/v2\/posts"}],"about":[{"href":"https:\/\/industrialchile.cl\/cl\/wp-json\/wp\/v2\/types\/post"}],"author":[{"embeddable":true,"href":"https:\/\/industrialchile.cl\/cl\/wp-json\/wp\/v2\/users\/5"}],"replies":[{"embeddable":true,"href":"https:\/\/industrialchile.cl\/cl\/wp-json\/wp\/v2\/comments?post=5522"}],"version-history":[{"count":1,"href":"https:\/\/industrialchile.cl\/cl\/wp-json\/wp\/v2\/posts\/5522\/revisions"}],"predecessor-version":[{"id":5523,"href":"https:\/\/industrialchile.cl\/cl\/wp-json\/wp\/v2\/posts\/5522\/revisions\/5523"}],"wp:featuredmedia":[{"embeddable":true,"href":"https:\/\/industrialchile.cl\/cl\/wp-json\/wp\/v2\/media\/5044"}],"wp:attachment":[{"href":"https:\/\/industrialchile.cl\/cl\/wp-json\/wp\/v2\/media?parent=5522"}],"wp:term":[{"taxonomy":"category","embeddable":true,"href":"https:\/\/industrialchile.cl\/cl\/wp-json\/wp\/v2\/categories?post=5522"},{"taxonomy":"post_tag","embeddable":true,"href":"https:\/\/industrialchile.cl\/cl\/wp-json\/wp\/v2\/tags?post=5522"}],"curies":[{"name":"wp","href":"https:\/\/api.w.org\/{rel}","templated":true}]}}