{"id":5514,"date":"2017-03-16T17:57:19","date_gmt":"2017-03-16T20:57:19","guid":{"rendered":"http:\/\/industrialchile.cl\/cl\/?p=5514"},"modified":"2017-03-16T17:57:19","modified_gmt":"2017-03-16T20:57:19","slug":"industrial-chile-llama-a-marchar-este-26-de-marzo-por-un-nuevo-sistema-de-afp","status":"publish","type":"post","link":"https:\/\/industrialchile.cl\/cl\/industrial-chile-llama-a-marchar-este-26-de-marzo-por-un-nuevo-sistema-de-afp\/","title":{"rendered":"Industrial Chile llama a marchar este 26 de marzo por un nuevo sistema de AFP"},"content":{"rendered":"<p>El consejo directivo de Industrial Chille, extendi\u00f3 el llamado a sus bases sindicales para participar en la marchar de este 26 de Marzo para entregar una se\u00f1al potente a las autoridades hacer de la urgente necesidad de terminar con el actual sistema de capitalizaci\u00f3n individual.<\/p>\n<p>Industrial Chile como parte fundadora de este movimiento ha insistido en que el camino para terminar con este sistema es dar paso a uno de reparto, solidario, p\u00fablico y tripartito que permita entregar pensiones dignas a todos los chilenos.<\/p>\n<p>Seg\u00fan expreso su presidente Horacio\u00a0 Fuentes, esta marcha ser\u00e1 una nueva expresi\u00f3n de fuerza, donde la ciudadan\u00eda tiene que salir a \u00a0manifestar su descontento con un sistema \u201cque no fue pensado en el ahorros de los trabajadores, sino m\u00e1s bien en un salvataje para los empresarios en dictadura, lo que con el tiempo se transform\u00f3 en la principal acumulaci\u00f3n de capital especulativo financiero\u201d<\/p>\n<p>\u201cNosotros hemos estado en todas las instancias, estuvimos invitados a la Comisi\u00f3n Bravo, estuvimos con la presidenta de la republica \u00a0e igual que la CUT desde el comienzo de este sistema advertimos de los nefastos resultados que esto traer\u00eda para todos los chilenos\u201d<\/p>\n<p>Fuentes agrego que esta marcha se inscribe en un momento muy especial, ya que el gobierno debe pronto tomar una decisi\u00f3n sobre qu\u00e9 hacer con el sistema de pensiones, agregando que la presidenta Bachelet en su primer mandato extendi\u00f3 significantes beneficios para los m\u00e1s pobres en esta materia, con la pensi\u00f3n b\u00e1sica solidaria, pero ahora, se\u00f1alo es momento de dar un paso muy m\u00e1s profundo, porque Chile cambio, la ciudadan\u00eda cambio y esto no puede esperar.<\/p>\n<p>Industrial Chile fue invitado por la presidenta Michel Bachelet al palacio La Moneda a fines del 2016, donde la organizaci\u00f3n sindical entrego su visi\u00f3n de c\u00f3mo \u00a0financiar las pensiones de los chilenos.<\/p>\n","protected":false},"excerpt":{"rendered":"<p>El consejo directivo de Industrial Chille, extendi\u00f3 el llamado a sus bases sindicales para participar en la marchar de este 26 de Marzo para entregar una se\u00f1al potente a las autoridades hacer de la urgente necesidad de terminar con el actual sistema de capitalizaci\u00f3n individual. Industrial Chile como parte fundadora de este movimiento ha insistido &hellip;<\/p>\n","protected":false},"author":5,"featured_media":5515,"comment_status":"open","ping_status":"open","sticky":false,"template":"","format":"standard","meta":{"footnotes":""},"categories":[165,1,184,161,159,160],"tags":[],"class_list":["post-5514","post","type-post","status-publish","format-standard","has-post-thumbnail","","category-afp-2","category-noticias","category-portada","category-zonalcentro","category-zonalnorte","category-zonalsur"],"_links":{"self":[{"href":"https:\/\/industrialchile.cl\/cl\/wp-json\/wp\/v2\/posts\/5514","targetHints":{"allow":["GET"]}}],"collection":[{"href":"https:\/\/industrialchile.cl\/cl\/wp-json\/wp\/v2\/posts"}],"about":[{"href":"https:\/\/industrialchile.cl\/cl\/wp-json\/wp\/v2\/types\/post"}],"author":[{"embeddable":true,"href":"https:\/\/industrialchile.cl\/cl\/wp-json\/wp\/v2\/users\/5"}],"replies":[{"embeddable":true,"href":"https:\/\/industrialchile.cl\/cl\/wp-json\/wp\/v2\/comments?post=5514"}],"version-history":[{"count":1,"href":"https:\/\/industrialchile.cl\/cl\/wp-json\/wp\/v2\/posts\/5514\/revisions"}],"predecessor-version":[{"id":5516,"href":"https:\/\/industrialchile.cl\/cl\/wp-json\/wp\/v2\/posts\/5514\/revisions\/5516"}],"wp:featuredmedia":[{"embeddable":true,"href":"https:\/\/industrialchile.cl\/cl\/wp-json\/wp\/v2\/media\/5515"}],"wp:attachment":[{"href":"https:\/\/industrialchile.cl\/cl\/wp-json\/wp\/v2\/media?parent=5514"}],"wp:term":[{"taxonomy":"category","embeddable":true,"href":"https:\/\/industrialchile.cl\/cl\/wp-json\/wp\/v2\/categories?post=5514"},{"taxonomy":"post_tag","embeddable":true,"href":"https:\/\/industrialchile.cl\/cl\/wp-json\/wp\/v2\/tags?post=5514"}],"curies":[{"name":"wp","href":"https:\/\/api.w.org\/{rel}","templated":true}]}}