{"id":5510,"date":"2017-03-14T10:30:48","date_gmt":"2017-03-14T13:30:48","guid":{"rendered":"http:\/\/industrialchile.cl\/cl\/?p=5510"},"modified":"2017-03-14T10:30:48","modified_gmt":"2017-03-14T13:30:48","slug":"roberto-bustamante-la-formacion-de-nuevos-dirigentes-sindicales-como-una-necesidad-urgente","status":"publish","type":"post","link":"https:\/\/industrialchile.cl\/cl\/roberto-bustamante-la-formacion-de-nuevos-dirigentes-sindicales-como-una-necesidad-urgente\/","title":{"rendered":"Roberto Bustamante: La formaci\u00f3n de nuevos dirigentes sindicales como una necesidad urgente"},"content":{"rendered":"<p><strong>SANTIAGO,\u00a0 13 de marzo de\u00a0 2017<\/strong><\/p>\n<p><strong><em>ESTIMADOS\/AS:<\/em><\/strong><\/p>\n<p><strong><em>DIRIGENTES SINDICALES<\/em><\/strong><\/p>\n<p><strong><em><u>PRESENTE<\/u><\/em><\/strong><\/p>\n<p>De nuestra consideraci\u00f3n:<\/p>\n<p>El departamento de <strong>Formaci\u00f3n y Capacitaci\u00f3n Sindical de Industrial Chile Constramet<\/strong>, saluda cordialmente a los dirigentes y socios en general y adem\u00e1s comunica lo siguiente:<\/p>\n<p>El movimiento Sindical para su desarrollo requiere contar con una constante incorporaci\u00f3n de nuevos dirigentes sindicales \u00a0para responder a las necesidades que hoy tienen los trabajadores, y tambi\u00e9n para el recambio natural y muchas veces forzados que pudieren afectar a nuestra organizaci\u00f3n por vacantes dejadas por consejeros nacionales quienes por diferentes razones no pudieren seguir en sus cargos.<\/p>\n<p>Cualquier m\u00e9todo de\u00a0 Formaci\u00f3n Sindical para responder a los desaf\u00edos actuales del movimiento sindical, pasa por permitir superar la escases de nuevos cuadros que tenemos, identificar cu\u00e1les son las razones que frenan la incorporaci\u00f3n de nuevos dirigentes que asuman las direcciones sindicales de bases, y de \u00f3rganos intermedios.<\/p>\n<p>\u00daltimamente el movimiento sindical viene sufriendo una falta de cuadro; son varias razones las que est\u00e1n produciendo esto, entre otros, falta de inter\u00e9s de los trabajadores por el temor natural de sufrir la persecuci\u00f3n que el empresariado dirige contra quienes defienden consecuentemente los intereses de los trabajadores, la excesiva dedicaci\u00f3n de los dirigentes al trabajo productivo, para satisfacer las demandas familiares.<\/p>\n<p>Esta realidad simple y clara, planteada esquem\u00e1ticamente, es la mejor forma de expresar por qu\u00e9 es necesario expandir la formaci\u00f3n sindical en nuestra organizaci\u00f3n, se requieren decenas de cuadros formados ideol\u00f3gicas, pol\u00edtica y t\u00e9cnicamente para enfrentar esta realidad.<\/p>\n<p>Industrial Chile Constramet, como ha sido su norma quiere invitarte a seguir participando en los nuevos bloques de capacitaci\u00f3n y formaci\u00f3n sindical todos los d\u00edas martes a contar del martes, <strong>28 de Marzo del presente a\u00f1o, desde las 15:30 a 18:30 horas<\/strong> en el local de nuestra organizaci\u00f3n ubicada en Santa Rosa 101, Santiago<\/p>\n<p>El primer bloque contara con charlas, cursos y talleres en los cuales lograremos realizar cuantificaci\u00f3n de negociaci\u00f3n colectiva, calcular los finiquitos, la semana corrida, las vacaciones, las horas extras, la gratificaci\u00f3n, el ipc, an\u00e1lisis de balances, Econom\u00eda B\u00e1sica, Lectura de balances Contabilidad sindical, etc.<\/p>\n<p>El segundo bloque contara con cursos, charlas y talleres en los cuales analizaremos y aprenderemos nuestros derechos c\u00edvicos, tales como labor de la c\u00e1mara de diputados, c\u00e1mara de senadores, el estado, los partidos pol\u00edticos, el gobierno, la constituci\u00f3n etc.<\/p>\n<p>El tercer bloque tendr\u00e1 temas como la reforma laboral, derechos y deberes de los trabajadores, la nueva negociaci\u00f3n colectiva, que es el sindicato, labores de los dirigentes sindicales, constituci\u00f3n de sindicatos historia del movimiento sindical Chileno e Internacional,\u00a0 Investigaci\u00f3n de accidentes Enfermedades profesionales<strong>, <\/strong>Derechos de la mujer trabajadora, Salas cunas, Permisos Maternales, Discriminaci\u00f3n de g\u00e9nero,\u00a0 Funciones de la OIT, y sus convenios ratificados por chile<\/p>\n<p>&nbsp;<\/p>\n<p>Como es costumbre de nuestro departamento, en estas capacitaciones otorgaremos una colaci\u00f3n, y adem\u00e1s reiteramos que pueden participar gratuitamente los dirigentes, delegados, y trabajadores en general, estas capacitaciones est\u00e1n abiertas \u00a0a cualquier trabajador que necesite a prender y saber defender sus derechos.<\/p>\n<p>&nbsp;<\/p>\n<p>&nbsp;<\/p>\n<p><strong>Roberto Bustamante Rojas <\/strong><\/p>\n<p>Formaci\u00f3n y Capacitaci\u00f3n Sindical<\/p>\n","protected":false},"excerpt":{"rendered":"<p>SANTIAGO,\u00a0 13 de marzo de\u00a0 2017 ESTIMADOS\/AS: DIRIGENTES SINDICALES PRESENTE De nuestra consideraci\u00f3n: El departamento de Formaci\u00f3n y Capacitaci\u00f3n Sindical de Industrial Chile Constramet, saluda cordialmente a los dirigentes y socios en general y adem\u00e1s comunica lo siguiente: El movimiento Sindical para su desarrollo requiere contar con una constante incorporaci\u00f3n de nuevos dirigentes sindicales \u00a0para &hellip;<\/p>\n","protected":false},"author":5,"featured_media":4086,"comment_status":"open","ping_status":"open","sticky":false,"template":"","format":"standard","meta":{"footnotes":""},"categories":[170,1,161],"tags":[],"class_list":["post-5510","post","type-post","status-publish","format-standard","has-post-thumbnail","","category-capacitacion","category-noticias","category-zonalcentro"],"_links":{"self":[{"href":"https:\/\/industrialchile.cl\/cl\/wp-json\/wp\/v2\/posts\/5510","targetHints":{"allow":["GET"]}}],"collection":[{"href":"https:\/\/industrialchile.cl\/cl\/wp-json\/wp\/v2\/posts"}],"about":[{"href":"https:\/\/industrialchile.cl\/cl\/wp-json\/wp\/v2\/types\/post"}],"author":[{"embeddable":true,"href":"https:\/\/industrialchile.cl\/cl\/wp-json\/wp\/v2\/users\/5"}],"replies":[{"embeddable":true,"href":"https:\/\/industrialchile.cl\/cl\/wp-json\/wp\/v2\/comments?post=5510"}],"version-history":[{"count":2,"href":"https:\/\/industrialchile.cl\/cl\/wp-json\/wp\/v2\/posts\/5510\/revisions"}],"predecessor-version":[{"id":5512,"href":"https:\/\/industrialchile.cl\/cl\/wp-json\/wp\/v2\/posts\/5510\/revisions\/5512"}],"wp:featuredmedia":[{"embeddable":true,"href":"https:\/\/industrialchile.cl\/cl\/wp-json\/wp\/v2\/media\/4086"}],"wp:attachment":[{"href":"https:\/\/industrialchile.cl\/cl\/wp-json\/wp\/v2\/media?parent=5510"}],"wp:term":[{"taxonomy":"category","embeddable":true,"href":"https:\/\/industrialchile.cl\/cl\/wp-json\/wp\/v2\/categories?post=5510"},{"taxonomy":"post_tag","embeddable":true,"href":"https:\/\/industrialchile.cl\/cl\/wp-json\/wp\/v2\/tags?post=5510"}],"curies":[{"name":"wp","href":"https:\/\/api.w.org\/{rel}","templated":true}]}}