{"id":5406,"date":"2016-11-25T00:11:06","date_gmt":"2016-11-25T03:11:06","guid":{"rendered":"http:\/\/industrialchile.cl\/cl\/?p=5406"},"modified":"2016-11-25T00:11:06","modified_gmt":"2016-11-25T03:11:06","slug":"movimiento-por-el-litio-exige-que-el-recurso-lo-explote-codelco-chile","status":"publish","type":"post","link":"https:\/\/industrialchile.cl\/cl\/movimiento-por-el-litio-exige-que-el-recurso-lo-explote-codelco-chile\/","title":{"rendered":"Movimiento por el Litio exige que el recurso lo explote Codelco Chile."},"content":{"rendered":"<p class=\"x_MsoNormal\">Este lunes 21 de noviembre\u00a0el Movimiento por el Litio entreg\u00f3 una carta al Ministerio de Miner\u00eda\u00a0manifestando que la explotaci\u00f3n del litio debe estar en manos de Codelco Chile, oponi\u00e9ndose a la petici\u00f3n de Contrato Especial de Operaci\u00f3n del Litio (CEOL) solicitada por la empresa Minera Salar Blanco, propiedad de Mart\u00edn Borda, la cual estableci\u00f3 recientemente una alianza con la firma australiana LithiumPower International (LPI).<\/p>\n<p class=\"x_MsoNormal\">\n<p class=\"x_MsoNormal\">El escrito fue firmado por todos los integrantes del Movimiento Por el litio, conformado por \u00a0la Presidenta\u00a0 de la CUT, B\u00e1rbara Figueroa; \u00a0Por Industrial Chile (Constramet), la Federaci\u00f3n\u00a0 Supervisores de Codelco, el Instituto de Ciencias Alejandro Lipschutz (ICAL), la Federaci\u00f3n Supervisores Miner\u00eda Privada, la Confederaci\u00f3n de Trabajadores del Cobre (CTC), entre otros, quienes fueron acompa\u00f1ados por el diputado Daniel N\u00fa\u00f1ez (PC).\u00a0El informe\u00a0fue\u00a0recibido por el nuevo\u00a0Subsecretario de Miner\u00eda, Erich Schnake Walker.<\/p>\n<p class=\"x_MsoNormal\">\n<p class=\"x_MsoNormal\">Seg\u00fan se\u00f1alo el encargado de Relaciones Internacionales de Industrial Chile Miguel Soto, esta petici\u00f3n pone en riesgo la Pol\u00edtica Nacional del Litio, ya que se privilegiar\u00eda que capitales privados ingresaran antes que Codelco a explotar el Salar de Maricunga. \u201cNos parece urgente que el Estado suspenda toda solicitud para explotar salares que contengan litio, actualmente el control mundial del Litio est\u00e1 en manos de las transnacionales y son ellos\u00a0quienes tratan de bajar el perfil sobre la \u00a0importancia de este mineral no met\u00e1lico, nuestro movimiento debe clarificar a la sociedad chilena la importancia de este mineral y que es nuestro,\u00a0debemos producirlo para el bienestar del pa\u00eds y su desarrollo\u201d.<\/p>\n<p class=\"x_MsoNormal\">\n<p class=\"x_MsoNormal\">Por su parte El Subsecretario de Miner\u00eda, Erich Schnake\u00a0, se\u00f1al\u00f3 que \u201cel Gobierno tiene que velar que\u00a0la explotaci\u00f3n de este recurso se haga de la forma m\u00e1s beneficiosa para el pa\u00eds, el litio es un mineral inconcebible, no se puede entregas su explotaci\u00f3n a privados, si se pueden hacer con los CEOL, que son contratos de operaci\u00f3n, pero incluso\u2026el estado no se desprende de esta propiedad del recurso, por tanto no hay ning\u00fan impedimento para que la propuesta del diputado pueda prosperar\u201d sostuvo el subsecretario\u201d<\/p>\n<p class=\"x_MsoNormal\">\n<p class=\"x_MsoNormal\">Por su parte, el Diputado\u00a0Daniel N\u00fa\u00f1ez, exigi\u00f3 a la Ministra de Miner\u00eda, Aurora Williams \u201cque no autorice el contrato de operaciones especial de la empresa Salar Blanco.\u00a0Esto es fundamental, \u00a0porque si\u00a0el Estado de Chile y el Ministerio de Miner\u00eda permiten que entre una empresa privada e explotar el litio en el Salar de Maricunga, en la pr\u00e1ctica imposibilita que lo haga Codelco\u201d, sostuvo.<\/p>\n","protected":false},"excerpt":{"rendered":"<p>Este lunes 21 de noviembre\u00a0el Movimiento por el Litio entreg\u00f3 una carta al Ministerio de Miner\u00eda\u00a0manifestando que la explotaci\u00f3n del litio debe estar en manos de Codelco Chile, oponi\u00e9ndose a la petici\u00f3n de Contrato Especial de Operaci\u00f3n del Litio (CEOL) solicitada por la empresa Minera Salar Blanco, propiedad de Mart\u00edn Borda, la cual estableci\u00f3 recientemente &hellip;<\/p>\n","protected":false},"author":5,"featured_media":5408,"comment_status":"open","ping_status":"open","sticky":false,"template":"","format":"standard","meta":{"footnotes":""},"categories":[1,184,155,161,159],"tags":[],"class_list":["post-5406","post","type-post","status-publish","format-standard","has-post-thumbnail","","category-noticias","category-portada","category-recursos","category-zonalcentro","category-zonalnorte"],"_links":{"self":[{"href":"https:\/\/industrialchile.cl\/cl\/wp-json\/wp\/v2\/posts\/5406","targetHints":{"allow":["GET"]}}],"collection":[{"href":"https:\/\/industrialchile.cl\/cl\/wp-json\/wp\/v2\/posts"}],"about":[{"href":"https:\/\/industrialchile.cl\/cl\/wp-json\/wp\/v2\/types\/post"}],"author":[{"embeddable":true,"href":"https:\/\/industrialchile.cl\/cl\/wp-json\/wp\/v2\/users\/5"}],"replies":[{"embeddable":true,"href":"https:\/\/industrialchile.cl\/cl\/wp-json\/wp\/v2\/comments?post=5406"}],"version-history":[{"count":1,"href":"https:\/\/industrialchile.cl\/cl\/wp-json\/wp\/v2\/posts\/5406\/revisions"}],"predecessor-version":[{"id":5410,"href":"https:\/\/industrialchile.cl\/cl\/wp-json\/wp\/v2\/posts\/5406\/revisions\/5410"}],"wp:featuredmedia":[{"embeddable":true,"href":"https:\/\/industrialchile.cl\/cl\/wp-json\/wp\/v2\/media\/5408"}],"wp:attachment":[{"href":"https:\/\/industrialchile.cl\/cl\/wp-json\/wp\/v2\/media?parent=5406"}],"wp:term":[{"taxonomy":"category","embeddable":true,"href":"https:\/\/industrialchile.cl\/cl\/wp-json\/wp\/v2\/categories?post=5406"},{"taxonomy":"post_tag","embeddable":true,"href":"https:\/\/industrialchile.cl\/cl\/wp-json\/wp\/v2\/tags?post=5406"}],"curies":[{"name":"wp","href":"https:\/\/api.w.org\/{rel}","templated":true}]}}