{"id":5344,"date":"2016-10-04T15:34:53","date_gmt":"2016-10-04T18:34:53","guid":{"rendered":"http:\/\/industrialchile.cl\/cl\/?p=5344"},"modified":"2016-10-04T15:41:29","modified_gmt":"2016-10-04T18:41:29","slug":"participacion-de-horacio-fuentes-en-la-comision-de-trabajo-y-seg-social-camara-de-dip-13092016","status":"publish","type":"post","link":"https:\/\/industrialchile.cl\/cl\/participacion-de-horacio-fuentes-en-la-comision-de-trabajo-y-seg-social-camara-de-dip-13092016\/","title":{"rendered":"Participaci\u00f3n de Horacio Fuentes en la Comisi\u00f3n de Trabajo y Seg Social C\u00e1mara de Dip 13\/09\/2016"},"content":{"rendered":"<p><iframe loading=\"lazy\" src=\"https:\/\/www.youtube.com\/embed\/RH05ihtjVn8\" width=\"560\" height=\"300\" frameborder=\"0\" allowfullscreen=\"allowfullscreen\"><\/iframe><\/p>\n","protected":false},"excerpt":{"rendered":"","protected":false},"author":1,"featured_media":5345,"comment_status":"open","ping_status":"open","sticky":false,"template":"","format":"standard","meta":{"footnotes":""},"categories":[175,184,158],"tags":[],"class_list":["post-5344","post","type-post","status-publish","format-standard","has-post-thumbnail","","category-contenidos","category-portada","category-videos"],"_links":{"self":[{"href":"https:\/\/industrialchile.cl\/cl\/wp-json\/wp\/v2\/posts\/5344","targetHints":{"allow":["GET"]}}],"collection":[{"href":"https:\/\/industrialchile.cl\/cl\/wp-json\/wp\/v2\/posts"}],"about":[{"href":"https:\/\/industrialchile.cl\/cl\/wp-json\/wp\/v2\/types\/post"}],"author":[{"embeddable":true,"href":"https:\/\/industrialchile.cl\/cl\/wp-json\/wp\/v2\/users\/1"}],"replies":[{"embeddable":true,"href":"https:\/\/industrialchile.cl\/cl\/wp-json\/wp\/v2\/comments?post=5344"}],"version-history":[{"count":3,"href":"https:\/\/industrialchile.cl\/cl\/wp-json\/wp\/v2\/posts\/5344\/revisions"}],"predecessor-version":[{"id":5348,"href":"https:\/\/industrialchile.cl\/cl\/wp-json\/wp\/v2\/posts\/5344\/revisions\/5348"}],"wp:featuredmedia":[{"embeddable":true,"href":"https:\/\/industrialchile.cl\/cl\/wp-json\/wp\/v2\/media\/5345"}],"wp:attachment":[{"href":"https:\/\/industrialchile.cl\/cl\/wp-json\/wp\/v2\/media?parent=5344"}],"wp:term":[{"taxonomy":"category","embeddable":true,"href":"https:\/\/industrialchile.cl\/cl\/wp-json\/wp\/v2\/categories?post=5344"},{"taxonomy":"post_tag","embeddable":true,"href":"https:\/\/industrialchile.cl\/cl\/wp-json\/wp\/v2\/tags?post=5344"}],"curies":[{"name":"wp","href":"https:\/\/api.w.org\/{rel}","templated":true}]}}