{"id":5324,"date":"2016-09-01T11:49:26","date_gmt":"2016-09-01T15:49:26","guid":{"rendered":"http:\/\/industrialchile.cl\/cl\/?p=5324"},"modified":"2016-09-01T11:49:26","modified_gmt":"2016-09-01T15:49:26","slug":"trabajadores-industriales-arremeten-contra-consultora-felices-y-forrados-son-la-cara-buena-onda-del-sistema","status":"publish","type":"post","link":"https:\/\/industrialchile.cl\/cl\/trabajadores-industriales-arremeten-contra-consultora-felices-y-forrados-son-la-cara-buena-onda-del-sistema\/","title":{"rendered":"Trabajadores industriales arremeten contra consultora \u201cFelices y Forrados son la cara buena onda del sistema\u201d"},"content":{"rendered":"<p>Trabajadores industriales arremeten contra consultora<\/p>\n<p>\u201cFelices y Forrados son la cara buena onda del sistema\u201d<\/p>\n<p>&nbsp;<\/p>\n<p>\u201cA pesar de lo bien intencionada, la consultora Felices y Forrados, se plantea desde el mundo financiero para hacer una cr\u00edtica constructiva al sistema e intentar hacerlo menos injusto, nosotros desde los trabajadores sostenemos derechamente terminar con el lucro en el sistema de pensiones y por tanto terminar con las AFP\u201d.<\/p>\n<p>As\u00ed se refiri\u00f3 el presidente de la Confederaci\u00f3n de Trabajadores Industriales\u00a0 Constramet, Horacio Fuentes, a la salida de la visita que sostuviera con la presidenta \u00a0Michelle Bachelet, junto a los ministros de Hacienda, Rodrigo Vald\u00e9s, y de Trabajo y Previsi\u00f3n Social, Ximena Rinc\u00f3n en una reuni\u00f3n donde tambi\u00e9n particip\u00f3 la empresa de asesor\u00edas previsionales \u201cFelices y Forrados\u201d.<\/p>\n<p>El dirigente sindical sostuvo que si bien todas las reuniones son favorables si se encaminan a recoger el descontento con el sistema de pensiones, dentro de los cr\u00edticos existen posturas diversas.<\/p>\n<p>\u201cA pesar de la buena voluntad\u00a0 de Felices y Forrados ellos se plantean desde el sistema financiero y pretenden corregir el sistema para hacerlo menos injusto, en cambio nosotros desde los trabajadores planteamos derechamente terminar con las AFP y con el lucro en el sistema de pensiones, finalmente ellos son la cara buena onda de un sistema que no se hace problema en hacer negocio con un derecho de las personas. A nosotros lo que nos parece es que los privados deben quedar fuera y planteamos un sistema p\u00fablico de reparto, y estamos convencidos de que la Presidenta puede y debe dejar sentadas las bases para el fin de las AFP\u201d<\/p>\n<p>A la salida de la misma cita, donde compartieron reuni\u00f3n con la mandataria, el ejecutivo de Felices y Forrados, Oscar Lorenzini explic\u00f3 que su propuesta\u00a0es volver a la ley del a\u00f1o 1988, lo que implicar\u00eda que todos pasaran al fondo C, agregando que antes de ese a\u00f1o dicho fondo rentaba la UF m\u00e1s el 10%.<\/p>\n<p>\u201cLo hemos sostenido, creemos que la presidenta tiene una gran oportunidad, ella entiende que el causante de este desastre es un sistema fracasado, Hoy cuenta con el respaldo de la mayor\u00eda en esta materia, de esa mayor\u00eda que en alg\u00fan minuto fue su aliada y que hoy puede recuperar para la continuidad de un proyecto pol\u00edtico transformador\u201d, sostuvo Fuentes.<\/p>\n<p>La cita se enmarca dentro de la iniciativa del gobierno de sostener una ronda de reuniones con representantes de la sociedad civil y otros actores cr\u00edticos del sistema, con miras a la construcci\u00f3n de un acuerdo nacional en el marco de la discusi\u00f3n de propuestas sobre eventuales cambios al sistema de pensiones.<\/p>\n","protected":false},"excerpt":{"rendered":"<p>Trabajadores industriales arremeten contra consultora \u201cFelices y Forrados son la cara buena onda del sistema\u201d &nbsp; \u201cA pesar de lo bien intencionada, la consultora Felices y Forrados, se plantea desde el mundo financiero para hacer una cr\u00edtica constructiva al sistema e intentar hacerlo menos injusto, nosotros desde los trabajadores sostenemos derechamente terminar con el lucro &hellip;<\/p>\n","protected":false},"author":5,"featured_media":5325,"comment_status":"open","ping_status":"open","sticky":false,"template":"","format":"standard","meta":{"footnotes":""},"categories":[165,1,184],"tags":[],"class_list":["post-5324","post","type-post","status-publish","format-standard","has-post-thumbnail","","category-afp-2","category-noticias","category-portada"],"_links":{"self":[{"href":"https:\/\/industrialchile.cl\/cl\/wp-json\/wp\/v2\/posts\/5324","targetHints":{"allow":["GET"]}}],"collection":[{"href":"https:\/\/industrialchile.cl\/cl\/wp-json\/wp\/v2\/posts"}],"about":[{"href":"https:\/\/industrialchile.cl\/cl\/wp-json\/wp\/v2\/types\/post"}],"author":[{"embeddable":true,"href":"https:\/\/industrialchile.cl\/cl\/wp-json\/wp\/v2\/users\/5"}],"replies":[{"embeddable":true,"href":"https:\/\/industrialchile.cl\/cl\/wp-json\/wp\/v2\/comments?post=5324"}],"version-history":[{"count":1,"href":"https:\/\/industrialchile.cl\/cl\/wp-json\/wp\/v2\/posts\/5324\/revisions"}],"predecessor-version":[{"id":5326,"href":"https:\/\/industrialchile.cl\/cl\/wp-json\/wp\/v2\/posts\/5324\/revisions\/5326"}],"wp:featuredmedia":[{"embeddable":true,"href":"https:\/\/industrialchile.cl\/cl\/wp-json\/wp\/v2\/media\/5325"}],"wp:attachment":[{"href":"https:\/\/industrialchile.cl\/cl\/wp-json\/wp\/v2\/media?parent=5324"}],"wp:term":[{"taxonomy":"category","embeddable":true,"href":"https:\/\/industrialchile.cl\/cl\/wp-json\/wp\/v2\/categories?post=5324"},{"taxonomy":"post_tag","embeddable":true,"href":"https:\/\/industrialchile.cl\/cl\/wp-json\/wp\/v2\/tags?post=5324"}],"curies":[{"name":"wp","href":"https:\/\/api.w.org\/{rel}","templated":true}]}}