{"id":4833,"date":"2015-05-04T14:43:32","date_gmt":"2015-05-04T18:43:32","guid":{"rendered":"http:\/\/industrialchile.cl\/cl\/?p=4833"},"modified":"2015-05-04T14:43:32","modified_gmt":"2015-05-04T18:43:32","slug":"la-reforma-laboral-marca-la-marcha-del-1-de-mayo","status":"publish","type":"post","link":"https:\/\/industrialchile.cl\/cl\/la-reforma-laboral-marca-la-marcha-del-1-de-mayo\/","title":{"rendered":"La Reforma Laboral marca la marcha del 1 de Mayo."},"content":{"rendered":"<p>Miles de personas acudieron este viernes a las manifestaciones que en Santiago conmemoraron el D\u00eda del Trabajador.<\/p>\n<p>La marcha convocada por la Central Unitaria de Trabajadores (CUT) se inici\u00f3 pasadas las 10 de la ma\u00f1ana en el sector de Plaza Los H\u00e9roes y avanz\u00f3 hacia la intersecci\u00f3n de Alameda con Portugal, donde se realiz\u00f3 un acto de cierre.<\/p>\n<p>En la ocasi\u00f3n, la presidenta de la multisindical, B\u00e1rbara Figueroa, enfatiz\u00f3 sus cuestionamientos al proyecto de Reforma Laboral y destac\u00f3 que en la discusi\u00f3n ya se elimin\u00f3 \u201cla criminalizaci\u00f3n de la actividad sindical y la excesiva injerencia del Estado en la negociaci\u00f3n colectiva\u201d.<\/p>\n<p>\u201cYa no estamos discutiendo el mismo proyecto de diciembre\u201d, recalc\u00f3 y a\u00f1adi\u00f3 que \u201cen las indicaciones que vienen la huelga ser\u00e1 sin apellido, pues se elimina el concepto pac\u00edfico y se acotan los servicios m\u00ednimos y, evidentemente, tambi\u00e9n se incorpor\u00f3 un cap\u00edtulo especial sobre reposici\u00f3n del derecho a negociar de federaciones y confederaciones, eliminando la imposibilidad de organizarnos por sobre el nivel de empresa\u201d.<\/p>\n<p><a href=\"http:\/\/radio.uchile.cl\/wp-content\/uploads\/2015\/05\/584df928cdff2f89efad4f02358d0a57-1.jpg\"><br \/>\n<\/a>La dirigenta se\u00f1al\u00f3 que hay temas pendientes en la tramitaci\u00f3n de la iniciativa: \u201cAsegurar que servicios m\u00ednimos no se constituyan en una treta para que los empresarios terminen imponiendo el reemplazo en la huelga; se requiere que el piso asegure que ning\u00fan empleador puede responder a un sindicato por menos de lo que ya ten\u00eda, m\u00e1s el IPC; y estamos por sacar los pactos de adaptabilidad, porque en Chile ya es suficiente la flexibilidad laboral como para entregarla en bandeja a los empleadores en un proyecto de ley\u201d, indic\u00f3.<\/p>\n<p>\u201cLa negociaci\u00f3n ramal o supraempresa es un derecho. Si los empleadores pueden organizarse y presionarse de manera ramal, es tiempo que ello se garantice tambi\u00e9n para los trabajadores y trabajadoras a trav\u00e9s del derecho a negociar para las federaciones y confederaciones\u201d, agreg\u00f3.<\/p>\n<p>En tanto que el presidente de Industrial Chile (Constramet ) Horacio Fuentes, se\u00f1alo que tanto la Reforma Laboral, como el reciente anuncio de una proceso constituyente requieren de la fuerza que las organizaciones sociales, \u201cdebemos ser capaces de poner gente en la calle, debemos ser capases de articular discusiones profundas y no consignas, debemos ser capaces de actuar en unidad, si somos capaces de esto, nuestra voz ser\u00e1 la que se imponga, porque esto no se trata de ganas o voluntades, se trata de la correlaci\u00f3n de fuerza que seamos capaces de impregnarle a los procesos que est\u00e1n en curso, sentencio el dirigente.<\/p>\n<p>&nbsp;<\/p>\n<p>&nbsp;<\/p>\n","protected":false},"excerpt":{"rendered":"<p>Miles de personas acudieron este viernes a las manifestaciones que en Santiago conmemoraron el D\u00eda del Trabajador. La marcha convocada por la Central Unitaria de Trabajadores (CUT) se inici\u00f3 pasadas las 10 de la ma\u00f1ana en el sector de Plaza Los H\u00e9roes y avanz\u00f3 hacia la intersecci\u00f3n de Alameda con Portugal, donde se realiz\u00f3 un &hellip;<\/p>\n","protected":false},"author":5,"featured_media":4834,"comment_status":"open","ping_status":"open","sticky":false,"template":"","format":"standard","meta":{"footnotes":""},"categories":[166,1,184,161],"tags":[],"class_list":["post-4833","post","type-post","status-publish","format-standard","has-post-thumbnail","","category-1o-de-mayo","category-noticias","category-portada","category-zonalcentro"],"_links":{"self":[{"href":"https:\/\/industrialchile.cl\/cl\/wp-json\/wp\/v2\/posts\/4833","targetHints":{"allow":["GET"]}}],"collection":[{"href":"https:\/\/industrialchile.cl\/cl\/wp-json\/wp\/v2\/posts"}],"about":[{"href":"https:\/\/industrialchile.cl\/cl\/wp-json\/wp\/v2\/types\/post"}],"author":[{"embeddable":true,"href":"https:\/\/industrialchile.cl\/cl\/wp-json\/wp\/v2\/users\/5"}],"replies":[{"embeddable":true,"href":"https:\/\/industrialchile.cl\/cl\/wp-json\/wp\/v2\/comments?post=4833"}],"version-history":[{"count":1,"href":"https:\/\/industrialchile.cl\/cl\/wp-json\/wp\/v2\/posts\/4833\/revisions"}],"predecessor-version":[{"id":4835,"href":"https:\/\/industrialchile.cl\/cl\/wp-json\/wp\/v2\/posts\/4833\/revisions\/4835"}],"wp:featuredmedia":[{"embeddable":true,"href":"https:\/\/industrialchile.cl\/cl\/wp-json\/wp\/v2\/media\/4834"}],"wp:attachment":[{"href":"https:\/\/industrialchile.cl\/cl\/wp-json\/wp\/v2\/media?parent=4833"}],"wp:term":[{"taxonomy":"category","embeddable":true,"href":"https:\/\/industrialchile.cl\/cl\/wp-json\/wp\/v2\/categories?post=4833"},{"taxonomy":"post_tag","embeddable":true,"href":"https:\/\/industrialchile.cl\/cl\/wp-json\/wp\/v2\/tags?post=4833"}],"curies":[{"name":"wp","href":"https:\/\/api.w.org\/{rel}","templated":true}]}}