{"id":4677,"date":"2015-02-18T19:06:27","date_gmt":"2015-02-18T22:06:27","guid":{"rendered":"http:\/\/industrialchile.cl\/cl\/?p=4677"},"modified":"2015-02-18T19:09:00","modified_gmt":"2015-02-18T22:09:00","slug":"18-de-febrero-dia-de-accion-mundial-en-defensa-del-derecho-a-huelga","status":"publish","type":"post","link":"https:\/\/industrialchile.cl\/cl\/18-de-febrero-dia-de-accion-mundial-en-defensa-del-derecho-a-huelga\/","title":{"rendered":"D\u00eda de Acci\u00f3n Mundial en defensa del derecho a huelga"},"content":{"rendered":"<p>18 de Febrero:\u00a0D\u00eda de Acci\u00f3n Mundial en Defensa del derecho de huelga el 18 de febrero. IndustriALL e Industrial Chile, insta a todos los afiliados a participar en el d\u00eda de acci\u00f3n mundial del 18 de febrero de 2015 en defensa de derecho de huelga..Este d\u00eda de acci\u00f3n mundial fue convocado por la Confederaci\u00f3n Sindical Internacional (CSI).<\/p>\n<div id='gallery-1' class='gallery galleryid-4677 gallery-columns-3 gallery-size-thumbnail'><figure class='gallery-item'>\n\t\t\t<div class='gallery-icon landscape'>\n\t\t\t\t<a href='https:\/\/industrialchile.cl\/cl\/18-de-febrero-dia-de-accion-mundial-en-defensa-del-derecho-a-huelga\/01-3\/'><img loading=\"lazy\" decoding=\"async\" width=\"150\" height=\"150\" src=\"https:\/\/industrialchile.cl\/cl\/wp-content\/uploads\/2015\/02\/01-150x150.jpg\" class=\"attachment-thumbnail size-thumbnail\" alt=\"\" srcset=\"https:\/\/industrialchile.cl\/cl\/wp-content\/uploads\/2015\/02\/01-150x150.jpg 150w, https:\/\/industrialchile.cl\/cl\/wp-content\/uploads\/2015\/02\/01-210x210.jpg 210w\" sizes=\"auto, (max-width: 150px) 100vw, 150px\" \/><\/a>\n\t\t\t<\/div><\/figure><figure class='gallery-item'>\n\t\t\t<div class='gallery-icon landscape'>\n\t\t\t\t<a href='https:\/\/industrialchile.cl\/cl\/18-de-febrero-dia-de-accion-mundial-en-defensa-del-derecho-a-huelga\/02-3\/'><img loading=\"lazy\" decoding=\"async\" width=\"150\" height=\"150\" src=\"https:\/\/industrialchile.cl\/cl\/wp-content\/uploads\/2015\/02\/02-150x150.jpg\" class=\"attachment-thumbnail size-thumbnail\" alt=\"\" srcset=\"https:\/\/industrialchile.cl\/cl\/wp-content\/uploads\/2015\/02\/02-150x150.jpg 150w, https:\/\/industrialchile.cl\/cl\/wp-content\/uploads\/2015\/02\/02-210x210.jpg 210w\" sizes=\"auto, (max-width: 150px) 100vw, 150px\" \/><\/a>\n\t\t\t<\/div><\/figure><figure class='gallery-item'>\n\t\t\t<div class='gallery-icon landscape'>\n\t\t\t\t<a href='https:\/\/industrialchile.cl\/cl\/18-de-febrero-dia-de-accion-mundial-en-defensa-del-derecho-a-huelga\/03-3\/'><img loading=\"lazy\" decoding=\"async\" width=\"150\" height=\"150\" src=\"https:\/\/industrialchile.cl\/cl\/wp-content\/uploads\/2015\/02\/03-150x150.jpg\" class=\"attachment-thumbnail size-thumbnail\" alt=\"\" srcset=\"https:\/\/industrialchile.cl\/cl\/wp-content\/uploads\/2015\/02\/03-150x150.jpg 150w, https:\/\/industrialchile.cl\/cl\/wp-content\/uploads\/2015\/02\/03-210x210.jpg 210w\" sizes=\"auto, (max-width: 150px) 100vw, 150px\" \/><\/a>\n\t\t\t<\/div><\/figure><figure class='gallery-item'>\n\t\t\t<div class='gallery-icon landscape'>\n\t\t\t\t<a href='https:\/\/industrialchile.cl\/cl\/18-de-febrero-dia-de-accion-mundial-en-defensa-del-derecho-a-huelga\/04-3\/'><img loading=\"lazy\" decoding=\"async\" width=\"150\" height=\"150\" src=\"https:\/\/industrialchile.cl\/cl\/wp-content\/uploads\/2015\/02\/04-150x150.jpg\" class=\"attachment-thumbnail size-thumbnail\" alt=\"\" srcset=\"https:\/\/industrialchile.cl\/cl\/wp-content\/uploads\/2015\/02\/04-150x150.jpg 150w, https:\/\/industrialchile.cl\/cl\/wp-content\/uploads\/2015\/02\/04-210x210.jpg 210w\" sizes=\"auto, (max-width: 150px) 100vw, 150px\" \/><\/a>\n\t\t\t<\/div><\/figure><figure class='gallery-item'>\n\t\t\t<div class='gallery-icon landscape'>\n\t\t\t\t<a href='https:\/\/industrialchile.cl\/cl\/18-de-febrero-dia-de-accion-mundial-en-defensa-del-derecho-a-huelga\/05-2\/'><img loading=\"lazy\" decoding=\"async\" width=\"150\" height=\"150\" src=\"https:\/\/industrialchile.cl\/cl\/wp-content\/uploads\/2015\/02\/05-150x150.jpg\" class=\"attachment-thumbnail size-thumbnail\" alt=\"\" srcset=\"https:\/\/industrialchile.cl\/cl\/wp-content\/uploads\/2015\/02\/05-150x150.jpg 150w, https:\/\/industrialchile.cl\/cl\/wp-content\/uploads\/2015\/02\/05-210x210.jpg 210w\" sizes=\"auto, (max-width: 150px) 100vw, 150px\" \/><\/a>\n\t\t\t<\/div><\/figure><figure class='gallery-item'>\n\t\t\t<div class='gallery-icon landscape'>\n\t\t\t\t<a href='https:\/\/industrialchile.cl\/cl\/18-de-febrero-dia-de-accion-mundial-en-defensa-del-derecho-a-huelga\/06-2\/'><img loading=\"lazy\" decoding=\"async\" width=\"150\" height=\"150\" src=\"https:\/\/industrialchile.cl\/cl\/wp-content\/uploads\/2015\/02\/06-150x150.jpg\" class=\"attachment-thumbnail size-thumbnail\" alt=\"\" srcset=\"https:\/\/industrialchile.cl\/cl\/wp-content\/uploads\/2015\/02\/06-150x150.jpg 150w, https:\/\/industrialchile.cl\/cl\/wp-content\/uploads\/2015\/02\/06-210x210.jpg 210w\" sizes=\"auto, (max-width: 150px) 100vw, 150px\" \/><\/a>\n\t\t\t<\/div><\/figure><figure class='gallery-item'>\n\t\t\t<div class='gallery-icon landscape'>\n\t\t\t\t<a href='https:\/\/industrialchile.cl\/cl\/18-de-febrero-dia-de-accion-mundial-en-defensa-del-derecho-a-huelga\/07-2\/'><img loading=\"lazy\" decoding=\"async\" width=\"150\" height=\"150\" src=\"https:\/\/industrialchile.cl\/cl\/wp-content\/uploads\/2015\/02\/07-150x150.jpg\" class=\"attachment-thumbnail size-thumbnail\" alt=\"\" srcset=\"https:\/\/industrialchile.cl\/cl\/wp-content\/uploads\/2015\/02\/07-150x150.jpg 150w, https:\/\/industrialchile.cl\/cl\/wp-content\/uploads\/2015\/02\/07-210x210.jpg 210w\" sizes=\"auto, (max-width: 150px) 100vw, 150px\" \/><\/a>\n\t\t\t<\/div><\/figure><figure class='gallery-item'>\n\t\t\t<div class='gallery-icon landscape'>\n\t\t\t\t<a href='https:\/\/industrialchile.cl\/cl\/18-de-febrero-dia-de-accion-mundial-en-defensa-del-derecho-a-huelga\/08-2\/'><img loading=\"lazy\" decoding=\"async\" width=\"150\" height=\"150\" src=\"https:\/\/industrialchile.cl\/cl\/wp-content\/uploads\/2015\/02\/08-150x150.jpg\" class=\"attachment-thumbnail size-thumbnail\" alt=\"\" srcset=\"https:\/\/industrialchile.cl\/cl\/wp-content\/uploads\/2015\/02\/08-150x150.jpg 150w, https:\/\/industrialchile.cl\/cl\/wp-content\/uploads\/2015\/02\/08-210x210.jpg 210w\" sizes=\"auto, (max-width: 150px) 100vw, 150px\" \/><\/a>\n\t\t\t<\/div><\/figure><figure class='gallery-item'>\n\t\t\t<div class='gallery-icon landscape'>\n\t\t\t\t<a href='https:\/\/industrialchile.cl\/cl\/18-de-febrero-dia-de-accion-mundial-en-defensa-del-derecho-a-huelga\/09-2\/'><img loading=\"lazy\" decoding=\"async\" width=\"150\" height=\"150\" src=\"https:\/\/industrialchile.cl\/cl\/wp-content\/uploads\/2015\/02\/09-150x150.jpg\" class=\"attachment-thumbnail size-thumbnail\" alt=\"\" srcset=\"https:\/\/industrialchile.cl\/cl\/wp-content\/uploads\/2015\/02\/09-150x150.jpg 150w, https:\/\/industrialchile.cl\/cl\/wp-content\/uploads\/2015\/02\/09-210x210.jpg 210w\" sizes=\"auto, (max-width: 150px) 100vw, 150px\" \/><\/a>\n\t\t\t<\/div><\/figure><figure class='gallery-item'>\n\t\t\t<div class='gallery-icon landscape'>\n\t\t\t\t<a href='https:\/\/industrialchile.cl\/cl\/18-de-febrero-dia-de-accion-mundial-en-defensa-del-derecho-a-huelga\/10-7\/'><img loading=\"lazy\" decoding=\"async\" width=\"150\" height=\"150\" src=\"https:\/\/industrialchile.cl\/cl\/wp-content\/uploads\/2015\/02\/10-150x150.jpg\" class=\"attachment-thumbnail size-thumbnail\" alt=\"\" srcset=\"https:\/\/industrialchile.cl\/cl\/wp-content\/uploads\/2015\/02\/10-150x150.jpg 150w, https:\/\/industrialchile.cl\/cl\/wp-content\/uploads\/2015\/02\/10-210x210.jpg 210w\" sizes=\"auto, (max-width: 150px) 100vw, 150px\" \/><\/a>\n\t\t\t<\/div><\/figure><figure class='gallery-item'>\n\t\t\t<div class='gallery-icon landscape'>\n\t\t\t\t<a href='https:\/\/industrialchile.cl\/cl\/18-de-febrero-dia-de-accion-mundial-en-defensa-del-derecho-a-huelga\/11-7\/'><img loading=\"lazy\" decoding=\"async\" width=\"150\" height=\"150\" src=\"https:\/\/industrialchile.cl\/cl\/wp-content\/uploads\/2015\/02\/11-150x150.jpg\" class=\"attachment-thumbnail size-thumbnail\" alt=\"\" srcset=\"https:\/\/industrialchile.cl\/cl\/wp-content\/uploads\/2015\/02\/11-150x150.jpg 150w, https:\/\/industrialchile.cl\/cl\/wp-content\/uploads\/2015\/02\/11-210x210.jpg 210w\" sizes=\"auto, (max-width: 150px) 100vw, 150px\" \/><\/a>\n\t\t\t<\/div><\/figure>\n\t\t<\/div>\n\n","protected":false},"excerpt":{"rendered":"<p>18 de Febrero:\u00a0D\u00eda de Acci\u00f3n Mundial en Defensa del derecho de huelga el 18 de febrero. IndustriALL e Industrial Chile, insta a todos los afiliados a participar en el d\u00eda de acci\u00f3n mundial del 18 de febrero de 2015 en defensa de derecho de huelga..Este d\u00eda de acci\u00f3n mundial fue convocado por la Confederaci\u00f3n Sindical &hellip;<\/p>\n","protected":false},"author":1,"featured_media":4684,"comment_status":"open","ping_status":"open","sticky":false,"template":"","format":"standard","meta":{"footnotes":""},"categories":[1,184],"tags":[],"class_list":["post-4677","post","type-post","status-publish","format-standard","has-post-thumbnail","","category-noticias","category-portada"],"_links":{"self":[{"href":"https:\/\/industrialchile.cl\/cl\/wp-json\/wp\/v2\/posts\/4677","targetHints":{"allow":["GET"]}}],"collection":[{"href":"https:\/\/industrialchile.cl\/cl\/wp-json\/wp\/v2\/posts"}],"about":[{"href":"https:\/\/industrialchile.cl\/cl\/wp-json\/wp\/v2\/types\/post"}],"author":[{"embeddable":true,"href":"https:\/\/industrialchile.cl\/cl\/wp-json\/wp\/v2\/users\/1"}],"replies":[{"embeddable":true,"href":"https:\/\/industrialchile.cl\/cl\/wp-json\/wp\/v2\/comments?post=4677"}],"version-history":[{"count":3,"href":"https:\/\/industrialchile.cl\/cl\/wp-json\/wp\/v2\/posts\/4677\/revisions"}],"predecessor-version":[{"id":4691,"href":"https:\/\/industrialchile.cl\/cl\/wp-json\/wp\/v2\/posts\/4677\/revisions\/4691"}],"wp:featuredmedia":[{"embeddable":true,"href":"https:\/\/industrialchile.cl\/cl\/wp-json\/wp\/v2\/media\/4684"}],"wp:attachment":[{"href":"https:\/\/industrialchile.cl\/cl\/wp-json\/wp\/v2\/media?parent=4677"}],"wp:term":[{"taxonomy":"category","embeddable":true,"href":"https:\/\/industrialchile.cl\/cl\/wp-json\/wp\/v2\/categories?post=4677"},{"taxonomy":"post_tag","embeddable":true,"href":"https:\/\/industrialchile.cl\/cl\/wp-json\/wp\/v2\/tags?post=4677"}],"curies":[{"name":"wp","href":"https:\/\/api.w.org\/{rel}","templated":true}]}}