{"id":4633,"date":"2015-01-20T13:48:12","date_gmt":"2015-01-20T16:48:12","guid":{"rendered":"http:\/\/industrialchile.cl\/cl\/?p=4633"},"modified":"2015-01-30T20:14:41","modified_gmt":"2015-01-30T23:14:41","slug":"subsecretario-francisco-javier-diaz-el-actual-marco-de-negociaciones-colectivas-fue-construido-bajo-la-premisa-del-conflicto-por-sobre-el-acuerdo","status":"publish","type":"post","link":"https:\/\/industrialchile.cl\/cl\/subsecretario-francisco-javier-diaz-el-actual-marco-de-negociaciones-colectivas-fue-construido-bajo-la-premisa-del-conflicto-por-sobre-el-acuerdo\/","title":{"rendered":"Subsecretario Francisco Javier D\u00edaz: \u201cEl actual marco de negociaciones colectivas fue construido bajo la premisa del conflicto por sobre el acuerdo\u201d"},"content":{"rendered":"<p>En el marco de la gira por el sur del pa\u00eds, el subsecretario del Trabajo, Francisco Javier D\u00edaz se reuni\u00f3 con trabajadores y representantes de la regi\u00f3n de Biob\u00edo a quienes dio a conocer los detalles del proyecto que Moderniza el Sistema de Relaciones Laborales, llamado tambi\u00e9n Agenda Laboral.<\/p>\n<p>El mediod\u00eda comparti\u00f3 con representantes de la empresa Masisa en la comuna de San Pedro de la Paz y posteriormente, en Concepci\u00f3n, despej\u00f3 dudas del proyecto de ley, con m\u00e1s de 50 dirigentes, metal\u00fargicos, forestales y pesqueros, en la sede del sindicato Federaci\u00f3n de Trabajadores Metal\u00fargicos (Festramet).<\/p>\n<p>En la oportunidad, el subsecretario sostuvo que, \u201cel actual marco de la negociaciones colectivas es insuficientes porque es antiguo y fue construido bajo la premisa del miedo por sobre el acuerdo\u201d. Adem\u00e1s se\u00f1al\u00f3 que el proyecto de ley est\u00e1 orientado a genera un di\u00e1logo m\u00e1s amplio entre trabajadores y empleadores, \u201cpero con protecci\u00f3n a los derechos de trabajadores\u201d.<\/p>\n<p>Fuente Sub Secretar\u00eda del Trabajo<\/p>\n","protected":false},"excerpt":{"rendered":"<p>En el marco de la gira por el sur del pa\u00eds, el subsecretario del Trabajo, Francisco Javier D\u00edaz se reuni\u00f3 con trabajadores y representantes de la regi\u00f3n de Biob\u00edo a quienes dio a conocer los detalles del proyecto que Moderniza el Sistema de Relaciones Laborales, llamado tambi\u00e9n Agenda Laboral. El mediod\u00eda comparti\u00f3 con representantes de &hellip;<\/p>\n","protected":false},"author":5,"featured_media":4664,"comment_status":"open","ping_status":"open","sticky":false,"template":"","format":"standard","meta":{"footnotes":""},"categories":[1,184,160],"tags":[],"class_list":["post-4633","post","type-post","status-publish","format-standard","has-post-thumbnail","","category-noticias","category-portada","category-zonalsur"],"_links":{"self":[{"href":"https:\/\/industrialchile.cl\/cl\/wp-json\/wp\/v2\/posts\/4633","targetHints":{"allow":["GET"]}}],"collection":[{"href":"https:\/\/industrialchile.cl\/cl\/wp-json\/wp\/v2\/posts"}],"about":[{"href":"https:\/\/industrialchile.cl\/cl\/wp-json\/wp\/v2\/types\/post"}],"author":[{"embeddable":true,"href":"https:\/\/industrialchile.cl\/cl\/wp-json\/wp\/v2\/users\/5"}],"replies":[{"embeddable":true,"href":"https:\/\/industrialchile.cl\/cl\/wp-json\/wp\/v2\/comments?post=4633"}],"version-history":[{"count":1,"href":"https:\/\/industrialchile.cl\/cl\/wp-json\/wp\/v2\/posts\/4633\/revisions"}],"predecessor-version":[{"id":4635,"href":"https:\/\/industrialchile.cl\/cl\/wp-json\/wp\/v2\/posts\/4633\/revisions\/4635"}],"wp:featuredmedia":[{"embeddable":true,"href":"https:\/\/industrialchile.cl\/cl\/wp-json\/wp\/v2\/media\/4664"}],"wp:attachment":[{"href":"https:\/\/industrialchile.cl\/cl\/wp-json\/wp\/v2\/media?parent=4633"}],"wp:term":[{"taxonomy":"category","embeddable":true,"href":"https:\/\/industrialchile.cl\/cl\/wp-json\/wp\/v2\/categories?post=4633"},{"taxonomy":"post_tag","embeddable":true,"href":"https:\/\/industrialchile.cl\/cl\/wp-json\/wp\/v2\/tags?post=4633"}],"curies":[{"name":"wp","href":"https:\/\/api.w.org\/{rel}","templated":true}]}}